{"id":19402,"date":"2020-10-29T18:59:36","date_gmt":"2020-10-30T00:59:36","guid":{"rendered":"http:\/\/www.zonaroja.com.mx\/?p=19402"},"modified":"2020-10-29T18:59:40","modified_gmt":"2020-10-30T00:59:40","slug":"exigen-destitucion-de-director-de-escuela-en-tuxtepec-por-acoso-laboral-y-sexual","status":"publish","type":"post","link":"https:\/\/zonaroja.com.mx\/?p=19402","title":{"rendered":"Exigen destituci\u00f3n de director de escuela en Tuxtepec por acoso laboral y sexual"},"content":{"rendered":"\n<p>Yuridiana Sosa<\/p>\n\n\n\n<p>San juan Bautista Tuxtepec, Oax., 29 de octubre de 2020.- La base trabajadora de la Escuela Secundaria General \u201cDonaj\u00ed\u201d en Tuxtepec, desconoci\u00f3 al director, Obed Rodr\u00edguez Palacios, por cometer, presuntamente, abuso de autoridad, acoso laboral, sexual y malos manejos en recursos de la instituci\u00f3n.<\/p>\n\n\n\n<p>En asamblea general, los integrantes del Centro de Trabajo 181, de la Secci\u00f3n 22 del Sindicato Nacional de Trabajadores de la Educaci\u00f3n (SNTE), acordaron desconocerlo y nombrar a un comisionado de despacho, hasta que se concrete su destituci\u00f3n.<\/p>\n\n\n\n<p>Los inconformes, la totalidad de la plantilla, resguardan la instituci\u00f3n para evitar que el director trate de apoderarse de la escuela y contin\u00fae con el saqueo de algunos materiales, como ha ocurrido en el transcurso de los 10 a\u00f1os que lleva al frente de la secundaria.<\/p>\n\n\n\n<p>Sobre Rodr\u00edguez Palacios, exist\u00eda inconformidad de los docentes y personal administrativo desde hace varios a\u00f1os, pero fue recientemente durante la contingencia que los trabajadores coincidieron en las distintas anomal\u00edas que comete; entre los m\u00e1s recientes est\u00e1n relacionados a obligarlos a asistir a trabajar sin medidas de sanidad frente a la contingencia por Covid-19.<\/p>\n\n\n\n<p>ACOSO LABORAL Y SEXUAL<\/p>\n\n\n\n<p>Durante la asamblea del lunes 26 de octubre, las docentes y trabajadoras administrativas manifestaron los actos de acoso laboral y sexual del que fueron v\u00edctimas, pero que por temor a represalias y a los se\u00f1alamientos sociales no hab\u00edan denunciado.<\/p>\n\n\n\n<p>Una de las docentes indic\u00f3 que recientemente el director le propuso de forma morbosa que fuera su secretaria particular, o de lo contrario realizar\u00eda m\u00faltiples funciones en distintas \u00e1reas.<\/p>\n\n\n\n<p>\u201cNo ser\u00eda la primera vez que me lo propone o me hostiga laboralmente de con car\u00e1cter sexual\u201d, qued\u00f3 asentado en el acta.<\/p>\n\n\n\n<p>El temor a denunciar con anterioridad deriva en que hace un a\u00f1o tambi\u00e9n fue v\u00edctima de difamaci\u00f3n por parte del director, en el tema sexual.<\/p>\n\n\n\n<p>ABUSO DE PODER<\/p>\n\n\n\n<p>Pero en la mayor\u00eda de las denuncias manifestadas, las mujeres coincidieron en el abuso de poder por el cargo, quien tambi\u00e9n aplica la explotaci\u00f3n laboral con la asignaci\u00f3n de labores que est\u00e1n fuera de sus \u00e1reas de encargo, como asignar a los docentes a \u00e1reas administrativas o viceversa.<\/p>\n\n\n\n<p>Los docentes y administrativos tambi\u00e9n expusieron que el Obed Rodr\u00edguez les indic\u00f3 que deben reponer las horas no laboradas el tiempo que estuvieron enfermos de Covid-19.<\/p>\n\n\n\n<p>Entre las molestias principales se encuentran que desde el inicio del ciclo escolar los obliga, bajo amenazas de perder su trabajo o difamarlos entre los padres de familia y compa\u00f1eros, a asistir al plantel, donde no se han aplicado las medidas de higiene y algunos docentes deben trasladarse en el servicio el transporte p\u00fablico.<\/p>\n\n\n\n<p>Adem\u00e1s, indicaron que el director retira horas laborales a maestras para favorecer a su esposa e hijo, tambi\u00e9n trabajadores del plantel, quienes tampoco cumplen con asistencia.<\/p>\n\n\n\n<p>Otro de los temas que abordaron fue sobre el mal manejo de recursos materiales para la instituci\u00f3n, desde ocupar como negocio personal la cooperativa del plantel, como llevarse material de construcci\u00f3n a su domicilio, entre otras irregularidades que expondr\u00e1n la Secci\u00f3n 22 del SNTE, o de ser necesario ante la Fiscal\u00eda General del Estado.<\/p>\n","protected":false},"excerpt":{"rendered":"<p>Yuridiana Sosa San juan Bautista Tuxtepec, Oax., 29 de octubre de 2020.- La base trabajadora&hellip;<\/p>\n","protected":false},"author":2,"featured_media":19403,"comment_status":"closed","ping_status":"open","sticky":false,"template":"","format":"standard","meta":{"_lmt_disableupdate":"","_lmt_disable":"","_jetpack_memberships_contains_paid_content":false,"footnotes":""},"categories":[109,47],"tags":[2152],"class_list":["post-19402","post","type-post","status-publish","format-standard","has-post-thumbnail","hentry","category-minuto-a-minuto","category-zona-gris","tag-escuela-secundaria-donaji-tuxtepec"],"jetpack_featured_media_url":"https:\/\/zonaroja.com.mx\/wp-content\/uploads\/2020\/10\/Secundaria-Donaji-Tuxtepec.jpg","jetpack_sharing_enabled":true,"_links":{"self":[{"href":"https:\/\/zonaroja.com.mx\/index.php?rest_route=\/wp\/v2\/posts\/19402","targetHints":{"allow":["GET"]}}],"collection":[{"href":"https:\/\/zonaroja.com.mx\/index.php?rest_route=\/wp\/v2\/posts"}],"about":[{"href":"https:\/\/zonaroja.com.mx\/index.php?rest_route=\/wp\/v2\/types\/post"}],"author":[{"embeddable":true,"href":"https:\/\/zonaroja.com.mx\/index.php?rest_route=\/wp\/v2\/users\/2"}],"replies":[{"embeddable":true,"href":"https:\/\/zonaroja.com.mx\/index.php?rest_route=%2Fwp%2Fv2%2Fcomments&post=19402"}],"version-history":[{"count":1,"href":"https:\/\/zonaroja.com.mx\/index.php?rest_route=\/wp\/v2\/posts\/19402\/revisions"}],"predecessor-version":[{"id":19404,"href":"https:\/\/zonaroja.com.mx\/index.php?rest_route=\/wp\/v2\/posts\/19402\/revisions\/19404"}],"wp:featuredmedia":[{"embeddable":true,"href":"https:\/\/zonaroja.com.mx\/index.php?rest_route=\/wp\/v2\/media\/19403"}],"wp:attachment":[{"href":"https:\/\/zonaroja.com.mx\/index.php?rest_route=%2Fwp%2Fv2%2Fmedia&parent=19402"}],"wp:term":[{"taxonomy":"category","embeddable":true,"href":"https:\/\/zonaroja.com.mx\/index.php?rest_route=%2Fwp%2Fv2%2Fcategories&post=19402"},{"taxonomy":"post_tag","embeddable":true,"href":"https:\/\/zonaroja.com.mx\/index.php?rest_route=%2Fwp%2Fv2%2Ftags&post=19402"}],"curies":[{"name":"wp","href":"https:\/\/api.w.org\/{rel}","templated":true}]}}