{"id":19405,"date":"2020-10-29T20:32:59","date_gmt":"2020-10-30T02:32:59","guid":{"rendered":"http:\/\/www.zonaroja.com.mx\/?p=19405"},"modified":"2020-10-29T20:33:02","modified_gmt":"2020-10-30T02:33:02","slug":"zafarrancho-en-la-central-de-abasto-comerciantes-ganan-a-policias-e-instalan-tianguis","status":"publish","type":"post","link":"https:\/\/zonaroja.com.mx\/?p=19405","title":{"rendered":"Zafarrancho en la Central de Abasto; comerciantes ganan a polic\u00edas e instalan tianguis"},"content":{"rendered":"\n<p>Yuridiana Sosa\/Zona Roja.<\/p>\n\n\n\n<p>Oaxaca de Ju\u00e1rez, Oax., 29 de octubre de 2020.- Enardecidos y armados con palos y piedras, comerciantes informales que instalan el tianguis anual por el D\u00eda de Muertos en la Central de Abasto de la ciudad de Oaxaca, retiraron vallas met\u00e1licas que la polic\u00eda municipal coloc\u00f3 para impedir su instalaci\u00f3n.<\/p>\n\n\n\n<p>Decenas de vendedores se organizaron para confrontar a los elementos policiales y pr\u00e1cticamente replegarlos, para evitar que impidieran la vendimia que por tres d\u00edas se coloca.<\/p>\n\n\n\n<p>El cerco se implement\u00f3 como medida de seguridad por la contingencia de Covid-19, para prevenir aglomeraciones de personas durante la festividad de D\u00eda de Muertos, por lo que las calles aleda\u00f1as estar\u00edan cerradas durante el fin de semana.<\/p>\n\n\n\n<p>Pero los comerciantes ignoraron nuevamente la pandemia del virus que ha dejado m\u00e1s de mil 620 v\u00edctimas mortales y decidieron instalar el tianguis como parte de una tradici\u00f3n.<\/p>\n\n\n\n<figure class=\"wp-block-embed-twitter wp-block-embed is-type-rich is-provider-twitter\"><div class=\"wp-block-embed__wrapper\">\n<div class=\"twitter-tweet\"><blockquote class=\"twitter-tweet\" data-lang=\"es\"><p lang=\"es\" dir=\"ltr\"><a href=\"https:\/\/twitter.com\/hashtag\/%C3%9AltimoMinuto?src=hash&amp;ref_src=twsrc%5Etfw\">#\u00daltimoMinuto<\/a> <br>Se desata la violencia en el Mercado de Abasto de <a href=\"https:\/\/twitter.com\/hashtag\/Oaxaca?src=hash&amp;ref_src=twsrc%5Etfw\">#Oaxaca<\/a> capital; comerciantes, con palos y piedras, reiteran que no se retirar\u00e1 la plaza por el D\u00eda de Muertos; polic\u00eda del <a href=\"https:\/\/twitter.com\/MunicipioOaxaca?ref_src=twsrc%5Etfw\">@MunicipioOaxaca<\/a>, de nuevo rebasada. <a href=\"https:\/\/t.co\/frOaNcfc5P\">pic.twitter.com\/frOaNcfc5P<\/a><\/p>&mdash; Zona Roja Oaxaca (@MexRoja) <a href=\"https:\/\/twitter.com\/MexRoja\/status\/1321933887086493696?ref_src=twsrc%5Etfw\">29 de octubre de 2020<\/a><\/blockquote><\/div>\n<\/div><\/figure>\n\n\n\n<p>\u201cDe aqu\u00ed no nos vamos\u201d se escuch\u00f3 entre el zafarrancho por parte de los comerciantes, sin que la Polic\u00eda Municipal de la capital pusiera resistencia al verse rebasada en fuerza y n\u00famero.<\/p>\n\n\n\n<p>Durante el inicio de la pandemia, los comerciantes tambi\u00e9n pasaron por alto las medidas de sanidad e instalaron la vendimia con motivo de la Semana Santa en el mes abril; en ese entonces decenas de comerciantes negaban la existencia del virus, que posteriormente dej\u00f3 saldos lamentables entre el sector.<\/p>\n\n\n\n<p>El edil de Oaxaca de Ju\u00e1rez, Oswaldo Garc\u00eda Jarqu\u00edn, atribuy\u00f3 que los elementos de la polic\u00eda municipal enfermos y fallecidos por Covid-19 se contagiaron en la Central de Abasto.<\/p>\n\n\n\n<p>Este punto fue cerrado por varias semanas como medida de prevenci\u00f3n para contener la propagaci\u00f3n del virus, pero a siete meses de distancia, los comerciantes informales afirman que no resisten m\u00e1s la precaria situaci\u00f3n econ\u00f3mica que ha dejado la pandemia, por lo que tienen que salir a trabajar, y con ello generar nuevamente una gran movilidad en el mercado m\u00e1s grande los Valles Centrales.<\/p>\n\n\n\n<figure class=\"wp-block-embed-twitter wp-block-embed is-type-rich is-provider-twitter\"><div class=\"wp-block-embed__wrapper\">\n<div class=\"twitter-tweet\"><blockquote class=\"twitter-tweet\" data-lang=\"es\"><p lang=\"es\" dir=\"ltr\"><a href=\"https:\/\/twitter.com\/hashtag\/%C3%9AltimoMinuto?src=hash&amp;ref_src=twsrc%5Etfw\">#\u00daltimoMinuto<\/a> <br>Reportan disturbios en el Mercado de Abasto de la ciudad de Oaxaca; comerciantes insisten en aglomerarse por la plaza del D\u00eda de Muertos. La autoridad del <a href=\"https:\/\/twitter.com\/MunicipioSeguro?ref_src=twsrc%5Etfw\">@MunicipioSeguro<\/a> <a href=\"https:\/\/twitter.com\/oswaldogarciaj?ref_src=twsrc%5Etfw\">@oswaldogarciaj<\/a>, rebasada. <a href=\"https:\/\/t.co\/bFRifcPYwJ\">pic.twitter.com\/bFRifcPYwJ<\/a><\/p>&mdash; Zona Roja Oaxaca (@MexRoja) <a href=\"https:\/\/twitter.com\/MexRoja\/status\/1321925121267945475?ref_src=twsrc%5Etfw\">29 de octubre de 2020<\/a><\/blockquote><\/div>\n<\/div><\/figure>\n","protected":false},"excerpt":{"rendered":"<p>Yuridiana Sosa\/Zona Roja. Oaxaca de Ju\u00e1rez, Oax., 29 de octubre de 2020.- Enardecidos y armados&hellip;<\/p>\n","protected":false},"author":2,"featured_media":19406,"comment_status":"closed","ping_status":"open","sticky":false,"template":"","format":"standard","meta":{"_lmt_disableupdate":"","_lmt_disable":"","_jetpack_memberships_contains_paid_content":false,"footnotes":""},"categories":[109,47],"tags":[1168],"class_list":["post-19405","post","type-post","status-publish","format-standard","has-post-thumbnail","hentry","category-minuto-a-minuto","category-zona-gris","tag-central-de-abasto-ciudad-de-oaxaca"],"jetpack_featured_media_url":"https:\/\/zonaroja.com.mx\/wp-content\/uploads\/2020\/10\/Zafarrancho-mercado-de-abasto.jpg","jetpack_sharing_enabled":true,"_links":{"self":[{"href":"https:\/\/zonaroja.com.mx\/index.php?rest_route=\/wp\/v2\/posts\/19405","targetHints":{"allow":["GET"]}}],"collection":[{"href":"https:\/\/zonaroja.com.mx\/index.php?rest_route=\/wp\/v2\/posts"}],"about":[{"href":"https:\/\/zonaroja.com.mx\/index.php?rest_route=\/wp\/v2\/types\/post"}],"author":[{"embeddable":true,"href":"https:\/\/zonaroja.com.mx\/index.php?rest_route=\/wp\/v2\/users\/2"}],"replies":[{"embeddable":true,"href":"https:\/\/zonaroja.com.mx\/index.php?rest_route=%2Fwp%2Fv2%2Fcomments&post=19405"}],"version-history":[{"count":1,"href":"https:\/\/zonaroja.com.mx\/index.php?rest_route=\/wp\/v2\/posts\/19405\/revisions"}],"predecessor-version":[{"id":19407,"href":"https:\/\/zonaroja.com.mx\/index.php?rest_route=\/wp\/v2\/posts\/19405\/revisions\/19407"}],"wp:featuredmedia":[{"embeddable":true,"href":"https:\/\/zonaroja.com.mx\/index.php?rest_route=\/wp\/v2\/media\/19406"}],"wp:attachment":[{"href":"https:\/\/zonaroja.com.mx\/index.php?rest_route=%2Fwp%2Fv2%2Fmedia&parent=19405"}],"wp:term":[{"taxonomy":"category","embeddable":true,"href":"https:\/\/zonaroja.com.mx\/index.php?rest_route=%2Fwp%2Fv2%2Fcategories&post=19405"},{"taxonomy":"post_tag","embeddable":true,"href":"https:\/\/zonaroja.com.mx\/index.php?rest_route=%2Fwp%2Fv2%2Ftags&post=19405"}],"curies":[{"name":"wp","href":"https:\/\/api.w.org\/{rel}","templated":true}]}}