{"id":19408,"date":"2020-10-29T21:15:57","date_gmt":"2020-10-30T03:15:57","guid":{"rendered":"http:\/\/www.zonaroja.com.mx\/?p=19408"},"modified":"2020-10-29T21:16:02","modified_gmt":"2020-10-30T03:16:02","slug":"impunidad-en-fiscalia-responsable-de-oleada-de-violencia-feminicida-en-oaxaca","status":"publish","type":"post","link":"https:\/\/zonaroja.com.mx\/?p=19408","title":{"rendered":"Impunidad en Fiscal\u00eda, responsable de oleada de violencia feminicida en Oaxaca&nbsp;"},"content":{"rendered":"\n<p>Evlin Arag\u00f3n\/Zona Roja.<\/p>\n\n\n\n<p>Oaxaca de Ju\u00e1rez, Oax., 29 de octubre de 2020.- \u201cOaxaca est\u00e1 viviendo una fuerte oleada de agresiones contra las mujeres y la expresi\u00f3n m\u00e1s lamentable y a la que todas tememos. son justamente los asesinatos y feminicidios\u201d.<\/p>\n\n\n\n<p>As\u00ed lo refiri\u00f3 la diputada local por Morena y presidenta de la Comisi\u00f3n de Procuraci\u00f3n y Administraci\u00f3n de Justicia del&nbsp; Congreso local, Elisa Zepeda Lagunas, quien lament\u00f3 que pese al incremento de casos, no existan investigaciones propias que sigan los protocolos emitidos en materia de feminicidios.<\/p>\n\n\n\n<p>De acuerdo con la legisladora, los recientes tres asesinatos violentos de mujeres que se registraron en menos de una semana, al igual que todos los anteriores, deben ser investigados y condenados por las autoridades de procuraci\u00f3n de justicia, encabezadas por Rub\u00e9n Vasconcelos M\u00e9ndez, de quien lament\u00f3 el grado de omisi\u00f3n con el que act\u00faa.&nbsp;<\/p>\n\n\n\n<p>\u201cInsistimos que se necesita una estrategia muy articulada para poder frenar estos feminicidios. Oaxaca es colocada ante los ojos del pa\u00eds y del mundo como un territorio muy sangriento precisamente por las agresiones tan crueles que se est\u00e1n dando en contra las mujeres\u201d.<\/p>\n\n\n\n<p>Para Zepeda Lagunas, las cifras optimistas emitidas por Vasconcelos M\u00e9ndez en su asistencia al Congreso, no corresponden a la percepci\u00f3n ciudadana, prueba de ello es que los reclamos son cada vez m\u00e1s fuertes, al igual que la desesperaci\u00f3n ciudadana ante la falta de resultado de la Fiscal\u00eda.<\/p>\n\n\n\n<figure class=\"wp-block-embed-twitter wp-block-embed is-type-rich is-provider-twitter\"><div class=\"wp-block-embed__wrapper\">\n<div class=\"twitter-tweet\"><blockquote class=\"twitter-tweet\" data-lang=\"es\"><p lang=\"es\" dir=\"ltr\"><a href=\"https:\/\/twitter.com\/hashtag\/OaxacaFeminicida?src=hash&amp;ref_src=twsrc%5Etfw\">#OaxacaFeminicida<\/a><br>La diputada <a href=\"https:\/\/twitter.com\/Elisa_ZepedaOax?ref_src=twsrc%5Etfw\">@Elisa_ZepedaOax<\/a>, conden\u00f3 la ola de feminicidios, desaparici\u00f3n de mujeres y agresiones en contra de ellas, ocurridos recientemente, as\u00ed como la inacci\u00f3n de las autoridades del <a href=\"https:\/\/twitter.com\/GobOax?ref_src=twsrc%5Etfw\">@GobOax<\/a>. <a href=\"https:\/\/t.co\/ezBPjdI9Ge\">pic.twitter.com\/ezBPjdI9Ge<\/a><\/p>&mdash; Zona Roja Oaxaca (@MexRoja) <a href=\"https:\/\/twitter.com\/MexRoja\/status\/1321836955731152896?ref_src=twsrc%5Etfw\">29 de octubre de 2020<\/a><\/blockquote><\/div>\n<\/div><\/figure>\n\n\n\n<p>Por ello dijo, es necesario que el gobernador de Oaxaca, Alejandro Murat Hinojosa, ponga puntual atenci\u00f3n a la problem\u00e1tica, que pase realmente del discurso a la acci\u00f3n, con la intenci\u00f3n de que se concrete la disminuci\u00f3n y erradicar de la violencia, as\u00ed como las sanciones a los responsables de la misma.<\/p>\n\n\n\n<p>Los feminicidios, aunque representan la expresi\u00f3n m\u00e1s grave de la violencia de g\u00e9nero, no son los \u00fanicos casos, prueba de ello la reciente retenci\u00f3n de la presidenta municipal de Tezoatl\u00e1n de Segura y Luna, Alexa Cisneros Cruz, ante la cual no hubo ning\u00fan tipo de pronunciamiento, ni de parte de autoridades ni de organizaciones.&nbsp;&nbsp;<\/p>\n\n\n\n<p>\u201cEs inadmisible que a cinco d\u00edas de su detenci\u00f3n nadie se haya pronunciado, requerimos tambi\u00e9n de las denuncias ciudadanas para que esto pueda ser visible porque si no tejemos entre la ciudadan\u00eda dif\u00edcilmente las autoridades que a la vista no est\u00e1n comprometidas con los procesos de justicia, estar\u00e1n actuando\u00bb, sentenci\u00f3.&nbsp;<\/p>\n\n\n\n<p>Finalmente, la legisladora indic\u00f3 que la desaparici\u00f3n de mujeres es otro tema que preocupa y aterra a cualquiera \u201cpensar que salimos a la calle y alguien pudiera desaparecernos es otro gran pendiente que tienen las autoridades\u201d.<\/p>\n\n\n\n<p>Por lo anterior, indic\u00f3 es necesaria la constante presencia de la seguridad p\u00fablica para poder resguardar a la poblaci\u00f3n femenina que se ha convertido en la m\u00e1s vulnerable en las calles, as\u00ed como al interior de sus viviendas que tampoco son del todo seguras ante la violencia de g\u00e9nero y feminicida.&nbsp;<\/p>\n","protected":false},"excerpt":{"rendered":"<p>Evlin Arag\u00f3n\/Zona Roja. Oaxaca de Ju\u00e1rez, Oax., 29 de octubre de 2020.- \u201cOaxaca est\u00e1 viviendo&hellip;<\/p>\n","protected":false},"author":2,"featured_media":19409,"comment_status":"closed","ping_status":"open","sticky":false,"template":"","format":"standard","meta":{"_lmt_disableupdate":"","_lmt_disable":"","_jetpack_memberships_contains_paid_content":false,"footnotes":""},"categories":[109,47],"tags":[215],"class_list":["post-19408","post","type-post","status-publish","format-standard","has-post-thumbnail","hentry","category-minuto-a-minuto","category-zona-gris","tag-elisa-zepeda-lagunas"],"jetpack_featured_media_url":"https:\/\/zonaroja.com.mx\/wp-content\/uploads\/2020\/10\/Elisa-Zepeda-L..jpg","jetpack_sharing_enabled":true,"_links":{"self":[{"href":"https:\/\/zonaroja.com.mx\/index.php?rest_route=\/wp\/v2\/posts\/19408","targetHints":{"allow":["GET"]}}],"collection":[{"href":"https:\/\/zonaroja.com.mx\/index.php?rest_route=\/wp\/v2\/posts"}],"about":[{"href":"https:\/\/zonaroja.com.mx\/index.php?rest_route=\/wp\/v2\/types\/post"}],"author":[{"embeddable":true,"href":"https:\/\/zonaroja.com.mx\/index.php?rest_route=\/wp\/v2\/users\/2"}],"replies":[{"embeddable":true,"href":"https:\/\/zonaroja.com.mx\/index.php?rest_route=%2Fwp%2Fv2%2Fcomments&post=19408"}],"version-history":[{"count":1,"href":"https:\/\/zonaroja.com.mx\/index.php?rest_route=\/wp\/v2\/posts\/19408\/revisions"}],"predecessor-version":[{"id":19410,"href":"https:\/\/zonaroja.com.mx\/index.php?rest_route=\/wp\/v2\/posts\/19408\/revisions\/19410"}],"wp:featuredmedia":[{"embeddable":true,"href":"https:\/\/zonaroja.com.mx\/index.php?rest_route=\/wp\/v2\/media\/19409"}],"wp:attachment":[{"href":"https:\/\/zonaroja.com.mx\/index.php?rest_route=%2Fwp%2Fv2%2Fmedia&parent=19408"}],"wp:term":[{"taxonomy":"category","embeddable":true,"href":"https:\/\/zonaroja.com.mx\/index.php?rest_route=%2Fwp%2Fv2%2Fcategories&post=19408"},{"taxonomy":"post_tag","embeddable":true,"href":"https:\/\/zonaroja.com.mx\/index.php?rest_route=%2Fwp%2Fv2%2Ftags&post=19408"}],"curies":[{"name":"wp","href":"https:\/\/api.w.org\/{rel}","templated":true}]}}