{"id":19417,"date":"2020-10-29T22:29:47","date_gmt":"2020-10-30T04:29:47","guid":{"rendered":"http:\/\/www.zonaroja.com.mx\/?p=19417"},"modified":"2020-10-29T22:29:53","modified_gmt":"2020-10-30T04:29:53","slug":"mixteca-violenta-enfrentamiento-en-huajuapan-protesta-en-mixtepec","status":"publish","type":"post","link":"https:\/\/zonaroja.com.mx\/?p=19417","title":{"rendered":"Mixteca violenta: enfrentamiento en Huajuapan; protesta en Mixtepec"},"content":{"rendered":"\n<p>Redacci\u00f3n\/Zona Roja.<\/p>\n\n\n\n<p>Oaxaca de Ju\u00e1rez, Oax., 29 de octubre de 2020.- La Secretar\u00eda General de Gobierno de Oaxaca presumi\u00f3 el retiro de bloqueos carreteros en poblados de Santiago Juxtlahuaca\u2026 casi dos semanas despu\u00e9s, en medio de una guerra de acusaciones por parte de organizaciones triquis.<\/p>\n\n\n\n<p>Sin embargo, la regi\u00f3n Mixteca mantuvo este jueves su ola de intensas movilizaciones y de hechos violentos.<\/p>\n\n\n\n<p>Como sucedi\u00f3 en Huajuapan de Le\u00f3n, en que se enfrentaron transportistas afiliados al Movimiento Unificador de Lucha Triqui (MULT) con el Frente Nacional Ind\u00edgena y Campesinos (FNIC), lo que origin\u00f3&nbsp; bloqueos de las carreteras en Huajuapan y Juxtlahuaca.<\/p>\n\n\n\n<p>As\u00ed mismo, el zafarrancho dej\u00f3 como saldo una persona lesionada por arma blanca &#8211;en Juxtlahuca&#8211;, debido a la retenci\u00f3n de dos camionetas de pasajeros por parte del MULT.<\/p>\n\n\n\n<figure class=\"wp-block-image size-large\"><img decoding=\"async\" width=\"1024\" height=\"768\" src=\"http:\/\/www.zonaroja.com.mx\/wp-content\/uploads\/2020\/10\/Bloqueo-transportistas-1024x768.jpg\" alt=\"\" class=\"wp-image-19418\" srcset=\"https:\/\/zonaroja.com.mx\/wp-content\/uploads\/2020\/10\/Bloqueo-transportistas-1024x768.jpg 1024w, https:\/\/zonaroja.com.mx\/wp-content\/uploads\/2020\/10\/Bloqueo-transportistas-300x225.jpg 300w, https:\/\/zonaroja.com.mx\/wp-content\/uploads\/2020\/10\/Bloqueo-transportistas-768x576.jpg 768w, https:\/\/zonaroja.com.mx\/wp-content\/uploads\/2020\/10\/Bloqueo-transportistas-1170x878.jpg 1170w, https:\/\/zonaroja.com.mx\/wp-content\/uploads\/2020\/10\/Bloqueo-transportistas-585x439.jpg 585w, https:\/\/zonaroja.com.mx\/wp-content\/uploads\/2020\/10\/Bloqueo-transportistas.jpg 1280w\" sizes=\"(max-width: 1024px) 100vw, 1024px\" \/><\/figure>\n\n\n\n<p>Por otra parte, en San Juan Mixtepec se realiz\u00f3 una marcha para exigir a la Fiscal\u00eda General del Estado de Oaxaca investigue el probable asesinato de un individuo, a manos de la polic\u00eda municipal.<\/p>\n\n\n\n<p>Fue la ma\u00f1ana del 26 de octubre en que fue localizado el cuerpo de Marco Antonio Hern\u00e1ndez Bautista, de 32 a\u00f1os de edad, quien la v\u00edspera fue detenido por los uniformados y supuestamente llevado a los separos.<\/p>\n\n\n\n<p>No obstante, fue hallado muerto a las afueras de dicha poblaci\u00f3n, perteneciente al distrito de Juxtlahuaca.<\/p>\n\n\n\n<p>Hasta el momento, la Fiscal\u00eda, a trav\u00e9s de la Vicefiscal\u00eda Regional de la Mixteca, no ha iniciado las indagatorias correspondientes.<\/p>\n\n\n\n<p>En tanto, el Gobierno del Estado inform\u00f3 a trav\u00e9s de un comunicado, que tras la intervenci\u00f3n de la Secretar\u00eda General de Gobierno (Segego), alrededor de las 13:00 horas se liber\u00f3 el bloqueo carretero que manten\u00edan habitantes y organizaciones sociales de la regi\u00f3n de la Mixteca, en la v\u00eda que comunica a San Juan Copala, El Rastrojo y Putla Villa de Guerrero.<\/p>\n\n\n\n<p>Dicho bloqueo hab\u00eda sido instalado por el MULTI y la Ubisort desde el 15 de octubre, para exigir que se detenga a un militante del MULT, se\u00f1alado de asesinar a uno de sus militantes.<\/p>\n\n\n\n<figure class=\"wp-block-image size-large\"><img decoding=\"async\" width=\"1024\" height=\"512\" src=\"http:\/\/www.zonaroja.com.mx\/wp-content\/uploads\/2020\/10\/Despejan-caminos-Juxtlahuaca-1024x512.jpg\" alt=\"\" class=\"wp-image-19419\" srcset=\"https:\/\/zonaroja.com.mx\/wp-content\/uploads\/2020\/10\/Despejan-caminos-Juxtlahuaca-1024x512.jpg 1024w, https:\/\/zonaroja.com.mx\/wp-content\/uploads\/2020\/10\/Despejan-caminos-Juxtlahuaca-300x150.jpg 300w, https:\/\/zonaroja.com.mx\/wp-content\/uploads\/2020\/10\/Despejan-caminos-Juxtlahuaca-768x384.jpg 768w, https:\/\/zonaroja.com.mx\/wp-content\/uploads\/2020\/10\/Despejan-caminos-Juxtlahuaca-585x293.jpg 585w, https:\/\/zonaroja.com.mx\/wp-content\/uploads\/2020\/10\/Despejan-caminos-Juxtlahuaca.jpg 1040w\" sizes=\"(max-width: 1024px) 100vw, 1024px\" \/><\/figure>\n","protected":false},"excerpt":{"rendered":"<p>Redacci\u00f3n\/Zona Roja. Oaxaca de Ju\u00e1rez, Oax., 29 de octubre de 2020.- La Secretar\u00eda General de&hellip;<\/p>\n","protected":false},"author":2,"featured_media":19420,"comment_status":"closed","ping_status":"open","sticky":false,"template":"","format":"standard","meta":{"_lmt_disableupdate":"","_lmt_disable":"","_jetpack_memberships_contains_paid_content":false,"footnotes":""},"categories":[109,47],"tags":[1768],"class_list":["post-19417","post","type-post","status-publish","format-standard","has-post-thumbnail","hentry","category-minuto-a-minuto","category-zona-gris","tag-san-juan-mixtepec"],"jetpack_featured_media_url":"https:\/\/zonaroja.com.mx\/wp-content\/uploads\/2020\/10\/Marcha-protesta-asesinado-Mixtepec.jpg","jetpack_sharing_enabled":true,"_links":{"self":[{"href":"https:\/\/zonaroja.com.mx\/index.php?rest_route=\/wp\/v2\/posts\/19417","targetHints":{"allow":["GET"]}}],"collection":[{"href":"https:\/\/zonaroja.com.mx\/index.php?rest_route=\/wp\/v2\/posts"}],"about":[{"href":"https:\/\/zonaroja.com.mx\/index.php?rest_route=\/wp\/v2\/types\/post"}],"author":[{"embeddable":true,"href":"https:\/\/zonaroja.com.mx\/index.php?rest_route=\/wp\/v2\/users\/2"}],"replies":[{"embeddable":true,"href":"https:\/\/zonaroja.com.mx\/index.php?rest_route=%2Fwp%2Fv2%2Fcomments&post=19417"}],"version-history":[{"count":1,"href":"https:\/\/zonaroja.com.mx\/index.php?rest_route=\/wp\/v2\/posts\/19417\/revisions"}],"predecessor-version":[{"id":19421,"href":"https:\/\/zonaroja.com.mx\/index.php?rest_route=\/wp\/v2\/posts\/19417\/revisions\/19421"}],"wp:featuredmedia":[{"embeddable":true,"href":"https:\/\/zonaroja.com.mx\/index.php?rest_route=\/wp\/v2\/media\/19420"}],"wp:attachment":[{"href":"https:\/\/zonaroja.com.mx\/index.php?rest_route=%2Fwp%2Fv2%2Fmedia&parent=19417"}],"wp:term":[{"taxonomy":"category","embeddable":true,"href":"https:\/\/zonaroja.com.mx\/index.php?rest_route=%2Fwp%2Fv2%2Fcategories&post=19417"},{"taxonomy":"post_tag","embeddable":true,"href":"https:\/\/zonaroja.com.mx\/index.php?rest_route=%2Fwp%2Fv2%2Ftags&post=19417"}],"curies":[{"name":"wp","href":"https:\/\/api.w.org\/{rel}","templated":true}]}}