{"id":19422,"date":"2020-10-30T07:37:00","date_gmt":"2020-10-30T13:37:00","guid":{"rendered":"http:\/\/www.zonaroja.com.mx\/?p=19422"},"modified":"2020-10-30T07:43:57","modified_gmt":"2020-10-30T13:43:57","slug":"capacitan-a-personal-del-poder-judicial-en-psicopatologia-forense","status":"publish","type":"post","link":"https:\/\/zonaroja.com.mx\/?p=19422","title":{"rendered":"Capacitan a personal del Poder Judicial en psicopatolog\u00eda forense"},"content":{"rendered":"\n<p>Redacci\u00f3n\/Zona Roja.<\/p>\n\n\n\n<p>Oaxaca de Ju\u00e1rez, Oax., 30 de octubre de 2020.- Al ser la psicolog\u00eda forense la rama de la psicolog\u00eda que estudia e interviene en los procesos judiciales con el fin de aportar datos y conocimientos que ayuden a resolver los casos y a orientar al juzgador en la toma de decisiones, servidoras y servidores p\u00fablicos del Poder Judicial del Estado se actualizan en el curso en l\u00ednea \u00abPsicopatolog\u00eda Forense, Coordinaci\u00f3n Parental y Tribunales de Justicia\u00bb. <\/p>\n\n\n\n<p>Impartido por el reconocido acad\u00e9mico e investigador del Instituto Nacional de Ciencias Penales (INACIPE), Eric Garc\u00eda L\u00f3pez, en la actividad acad\u00e9mica han participado tambi\u00e9n como ponentes los especialistas Sergio Ric\u00e1rdez Carrasco y Ana Ruth D\u00edaz Victoria con las conferencias \u201cEl papel de la violencia hacia la pareja en la coordinaci\u00f3n parental y la psicolog\u00eda positiva como alternativa terap\u00e9utica\u201d y \u201cLas neurociencias aplicadas al estudio de las v\u00edctimas\u201d.<\/p>\n\n\n\n<p>La psicolog\u00eda forense puede ayudar a un juez o jueza a determinar ciertos factores psicol\u00f3gicos de las partes implicadas en un proceso judicial; explicar el comportamiento de una persona para hacer m\u00e1s comprensible que haya sido v\u00edctima o agresor en determinadas circunstancias. Esta informaci\u00f3n se ofrece al Tribunal con la finalidad de que pueda ser capaz de tomar una decisi\u00f3n sopesada sobre los hechos, se explic\u00f3 en el curso.<\/p>\n\n\n\n<p>Durante su mensaje en la apertura de las actividades, Garc\u00eda L\u00f3pez mencion\u00f3 que la psicopatolog\u00eda forense tiene una aplicaci\u00f3n pr\u00e1ctica y es un concepto nuevo. Adem\u00e1s, agradeci\u00f3 al maestro Mario Enrique Herrera Carrasco, director estatal del Centro de Convivencia Familiar Supervisada del Poder Judicial del Estado de Quintana Roo, su integraci\u00f3n a la jornada de capacitaci\u00f3n y sus aportaciones al tema como uno de los pioneros en el pa\u00eds.<\/p>\n\n\n\n<p>Asimismo, recalc\u00f3 la importancia de los neuroderechos, una iniciativa planteada por la Universidad de Columbia para la protecci\u00f3n de la libertad mental, mismos que se encuentran en debate por el Senado de la Rep\u00fablica para ser incluidos en la Constituci\u00f3n Pol\u00edtica; as\u00ed como analizados por la Universidad Nacional Aut\u00f3noma de M\u00e9xico (UNAM) y el Instituto Nacional de Ciencias Penales.<\/p>\n\n\n\n<p>Por su parte, Herrera Carrasco puntualiz\u00f3 que este curso en l\u00ednea permitir\u00e1 fortalecer el conocimiento, para formar mejores seres humanos en la impartici\u00f3n y administraci\u00f3n de justicia, la psicolog\u00eda, pero sobre todo la neurociencia. .<\/p>\n\n\n\n<p>Este jueves 29, como parte de las actividades, Martha Vanesa D\u00edaz Padilla imparti\u00f3 el tema \u201cMediaci\u00f3n penitenciaria\u201d y el 4 de noviembre se contar\u00e1 con la participaci\u00f3n de la doctora Gloria Egea, directora del posgrado en Criminolog\u00eda y Psicolog\u00eda Forense Aplicada de la Universidad Sim\u00f3n Bol\u00edvar, de Barranquilla, Colombia, con la conferencia \u201cTestimonio infantil vivenciado versos fabricado. \u00bfEs posible detectar las diferencias?<\/p>\n\n\n\n<p>Otros de los temas que se abordan, son: la relaci\u00f3n entre la psicolog\u00eda y el derecho, los campos de acci\u00f3n e intervenci\u00f3n de la psicolog\u00eda jur\u00eddica, la psicolog\u00eda forense en el \u00e1mbito penal, civil, familiar y tribunales de menores, la conceptualizaci\u00f3n de la enfermedad mental y las repercusiones forenses de las alteraciones de la salud mental.<\/p>\n","protected":false},"excerpt":{"rendered":"<p>Redacci\u00f3n\/Zona Roja. Oaxaca de Ju\u00e1rez, Oax., 30 de octubre de 2020.- Al ser la psicolog\u00eda&hellip;<\/p>\n","protected":false},"author":2,"featured_media":19423,"comment_status":"closed","ping_status":"open","sticky":false,"template":"","format":"standard","meta":{"_lmt_disableupdate":"","_lmt_disable":"","_jetpack_memberships_contains_paid_content":false,"footnotes":""},"categories":[109,46],"tags":[223],"class_list":["post-19422","post","type-post","status-publish","format-standard","has-post-thumbnail","hentry","category-minuto-a-minuto","category-zona-blanca","tag-poder-judicial-de-oaxaca"],"jetpack_featured_media_url":"https:\/\/zonaroja.com.mx\/wp-content\/uploads\/2020\/10\/1-CURSO-PSICOPATOLOGIA.jpg","jetpack_sharing_enabled":true,"_links":{"self":[{"href":"https:\/\/zonaroja.com.mx\/index.php?rest_route=\/wp\/v2\/posts\/19422","targetHints":{"allow":["GET"]}}],"collection":[{"href":"https:\/\/zonaroja.com.mx\/index.php?rest_route=\/wp\/v2\/posts"}],"about":[{"href":"https:\/\/zonaroja.com.mx\/index.php?rest_route=\/wp\/v2\/types\/post"}],"author":[{"embeddable":true,"href":"https:\/\/zonaroja.com.mx\/index.php?rest_route=\/wp\/v2\/users\/2"}],"replies":[{"embeddable":true,"href":"https:\/\/zonaroja.com.mx\/index.php?rest_route=%2Fwp%2Fv2%2Fcomments&post=19422"}],"version-history":[{"count":2,"href":"https:\/\/zonaroja.com.mx\/index.php?rest_route=\/wp\/v2\/posts\/19422\/revisions"}],"predecessor-version":[{"id":19425,"href":"https:\/\/zonaroja.com.mx\/index.php?rest_route=\/wp\/v2\/posts\/19422\/revisions\/19425"}],"wp:featuredmedia":[{"embeddable":true,"href":"https:\/\/zonaroja.com.mx\/index.php?rest_route=\/wp\/v2\/media\/19423"}],"wp:attachment":[{"href":"https:\/\/zonaroja.com.mx\/index.php?rest_route=%2Fwp%2Fv2%2Fmedia&parent=19422"}],"wp:term":[{"taxonomy":"category","embeddable":true,"href":"https:\/\/zonaroja.com.mx\/index.php?rest_route=%2Fwp%2Fv2%2Fcategories&post=19422"},{"taxonomy":"post_tag","embeddable":true,"href":"https:\/\/zonaroja.com.mx\/index.php?rest_route=%2Fwp%2Fv2%2Ftags&post=19422"}],"curies":[{"name":"wp","href":"https:\/\/api.w.org\/{rel}","templated":true}]}}