{"id":1943,"date":"2019-06-30T08:25:00","date_gmt":"2019-06-30T13:25:00","guid":{"rendered":"http:\/\/www.zonaroja.com.mx\/?p=1943"},"modified":"2019-06-30T08:25:02","modified_gmt":"2019-06-30T13:25:02","slug":"a-cinco-meses-impune-asesinato-de-lider-gay-oscar-cazorla","status":"publish","type":"post","link":"https:\/\/zonaroja.com.mx\/?p=1943","title":{"rendered":"A cinco meses, impune asesinato de l\u00edder gay \u00d3scar Cazorla"},"content":{"rendered":"\n<p>Redacci\u00f3n<\/p>\n\n\n\n<p>Oaxaca de\nJu\u00e1rez, Oax., 30 de junio de 2019.- A casi cinco meses del asesinato de quien\nfuera fundador y l\u00edder de la comunidad gay en el Istmo de Tehuantepec, a\u00fan no\nhay justicia, denunciaron familiares.<\/p>\n\n\n\n<p>En el marco\nde la Marcha del Orgullo Gay que se efectu\u00f3 ayer en la tarde, lamentaron que la\nFiscal\u00eda General del Estado tenga pocos avances en las indagatorias y no haya\nalguna persona detenida; asimismo, que pese a que lo solicitaron formalmente,\nno hay protecci\u00f3n ni garant\u00edas para la comunidad l\u00e9sbico gay.<\/p>\n\n\n\n<p>Demandaron\nal fiscal Rub\u00e9n Vasconcelos M\u00e9ndez agilice las indagatorias y consigne ante un\njuez al o los probables crimnales.<\/p>\n\n\n\n<p>El fundador\nde la asociaci\u00f3n \u201cLas Intr\u00e9pidas Buscadoras del Peligro\u201d, \u00d3scar Cazorla fue ultimado\na pu\u00f1aladas el pasado 9 de febrero en su domicilio ubicado en Juchit\u00e1n de\nZaragoza.<\/p>\n\n\n\n<p>En su\nmomento la Fiscal\u00eda General del Estado indic\u00f3 que la causa de la muerte de la\nv\u00edctima fue por laceraci\u00f3n de v\u00edscera cardiaca por instrumento punzocortante e inici\u00f3\nla Carpeta de Investigaci\u00f3n 4495\/FIST\/JUCHIT\u00c1N\/2019. <\/p>\n\n\n\n<p>En ese\ncontexto el 3 de marzo muri\u00f3 un adolescente originario de Veracruz,\npresuntamente detenido por participar en el asesinato. <\/p>\n\n\n\n<p>De acuerdo\ncon familiares y compa\u00f1eros de J. J. R. S, en Ciudad Ixtepec habr\u00eda sido\ndetenido \u00e9l junto con otros dos j\u00f3venes de Veracruz por supuestamente\nparticipar en los hechos; no obstante, habr\u00edan sido torturados, del cual muri\u00f3\nuno de ellos, pero para la Fiscal\u00eda, muri\u00f3 por inhalar gasolina.<\/p>\n","protected":false},"excerpt":{"rendered":"<p>Redacci\u00f3n Oaxaca de Ju\u00e1rez, Oax., 30 de junio de 2019.- A casi cinco meses del&hellip;<\/p>\n","protected":false},"author":2,"featured_media":1944,"comment_status":"closed","ping_status":"open","sticky":false,"template":"","format":"standard","meta":{"_lmt_disableupdate":"","_lmt_disable":"","_jetpack_memberships_contains_paid_content":false,"footnotes":""},"categories":[109,51],"tags":[277,275],"class_list":["post-1943","post","type-post","status-publish","format-standard","has-post-thumbnail","hentry","category-minuto-a-minuto","category-zona-roja","tag-muxes","tag-oscar-cazorla"],"jetpack_featured_media_url":"https:\/\/zonaroja.com.mx\/wp-content\/uploads\/2019\/06\/IMG_3994.jpg","jetpack_sharing_enabled":true,"_links":{"self":[{"href":"https:\/\/zonaroja.com.mx\/index.php?rest_route=\/wp\/v2\/posts\/1943","targetHints":{"allow":["GET"]}}],"collection":[{"href":"https:\/\/zonaroja.com.mx\/index.php?rest_route=\/wp\/v2\/posts"}],"about":[{"href":"https:\/\/zonaroja.com.mx\/index.php?rest_route=\/wp\/v2\/types\/post"}],"author":[{"embeddable":true,"href":"https:\/\/zonaroja.com.mx\/index.php?rest_route=\/wp\/v2\/users\/2"}],"replies":[{"embeddable":true,"href":"https:\/\/zonaroja.com.mx\/index.php?rest_route=%2Fwp%2Fv2%2Fcomments&post=1943"}],"version-history":[{"count":1,"href":"https:\/\/zonaroja.com.mx\/index.php?rest_route=\/wp\/v2\/posts\/1943\/revisions"}],"predecessor-version":[{"id":1945,"href":"https:\/\/zonaroja.com.mx\/index.php?rest_route=\/wp\/v2\/posts\/1943\/revisions\/1945"}],"wp:featuredmedia":[{"embeddable":true,"href":"https:\/\/zonaroja.com.mx\/index.php?rest_route=\/wp\/v2\/media\/1944"}],"wp:attachment":[{"href":"https:\/\/zonaroja.com.mx\/index.php?rest_route=%2Fwp%2Fv2%2Fmedia&parent=1943"}],"wp:term":[{"taxonomy":"category","embeddable":true,"href":"https:\/\/zonaroja.com.mx\/index.php?rest_route=%2Fwp%2Fv2%2Fcategories&post=1943"},{"taxonomy":"post_tag","embeddable":true,"href":"https:\/\/zonaroja.com.mx\/index.php?rest_route=%2Fwp%2Fv2%2Ftags&post=1943"}],"curies":[{"name":"wp","href":"https:\/\/api.w.org\/{rel}","templated":true}]}}