{"id":19431,"date":"2020-10-30T09:49:55","date_gmt":"2020-10-30T15:49:55","guid":{"rendered":"http:\/\/www.zonaroja.com.mx\/?p=19431"},"modified":"2020-10-30T09:49:59","modified_gmt":"2020-10-30T15:49:59","slug":"ante-apatia-del-gobierno-de-oaxaca-en-conflicto-triqui-interviene-segob","status":"publish","type":"post","link":"https:\/\/zonaroja.com.mx\/?p=19431","title":{"rendered":"Ante apat\u00eda del gobierno de Oaxaca en conflicto triqui, interviene Segob"},"content":{"rendered":"\n<p>Evlin Arag\u00f3n\/Zona Roja.<\/p>\n\n\n\n<p>Oaxaca de Ju\u00e1rez, Oax., 30 de octubre de 2020.- Autoridades de la Secretar\u00eda de Gobernaci\u00f3n (Segob) demandaron al gobierno de Oaxaca atender la problem\u00e1tica que se vive en la zona triqui e instalar de forma inmediata la mesa de paz que permita la soluci\u00f3n de un conflicto que lleva m\u00e1s de una d\u00e9cada de existencia.<\/p>\n\n\n\n<p>Lo anterior luego de la solicitud que hiciera Pascual de Jes\u00fas Gonz\u00e1lez, representante del Movimiento de Unificaci\u00f3n y Lucha Triqui (MULT), al poner de manifiesto su preocupaci\u00f3n por el bloqueo a la carretera de la comunidad de San Juan Copala desde el pasado 13 de octubre, que vulnera los derechos de la poblaci\u00f3n.&nbsp;<\/p>\n\n\n\n<p>De ah\u00ed que, a trav\u00e9s de un documento, la Direcci\u00f3n General Adjunta de Investigaciones y Atenci\u00f3n a Casos, encabezada por Erick Javier Mart\u00edn Salas, pidi\u00f3 al titular de la Secretar\u00eda General de Gobierno, Francisco Javier Garc\u00eda L\u00f3pez, realizar las acciones necesarias a fin de garantizar la vida, salud e integridad de las personas que habitan dicho municipio y otras 22 comunidades afectadas.&nbsp;<\/p>\n\n\n\n<p>En este sentido, solicit\u00f3 a las autoridades estatales garantizar el derecho al libre tr\u00e1nsito de la zona triqui, facilitando la conciliaci\u00f3n y el cumplimiento de los acuerdos de paz que ya han sido generados en mesas de trabajo previas con el MULT, con la intenci\u00f3n de dar una soluci\u00f3n al conflicto.&nbsp;<\/p>\n\n\n\n<p>As\u00ed mismo, pidi\u00f3 al titular de la Segego dar continuidad a las mesas de trabajo con la dirigencia del MULT y dem\u00e1s organizaciones involucradas en la problem\u00e1tica, mismas que permitan la paz anhelada en la zona y el regreso de las familias desplazadas desde hace m\u00e1s de diez a\u00f1os.&nbsp;<\/p>\n\n\n\n<p>Finalmente, requiri\u00f3 que se informe de manera puntual al Gobierno de la Rep\u00fablica, a trav\u00e9s de las Secretar\u00eda de Gobernaci\u00f3n, acciones que se implementen de manera local a ra\u00edz del oficio emitido por la Direcci\u00f3n General Adjunta de Investigaciones y Atenci\u00f3n a Casos.<\/p>\n\n\n\n<p>Integrantes del MULT responsabilizaron del bloqueo a Fabi\u00e1n Pereda Pereda, de Ubisort, Macario Garc\u00eda Merino, del MULTI, de las afectaciones viales en la zona triqui.<\/p>\n\n\n\n<p>De manera tard\u00eda y luego de casi dos semanas, ayer jueves personal de la Secretar\u00eda General de Gobierno acudi\u00f3 a la Mixteca donde convenci\u00f3 a las organizaciones MULTI y Ubisort a retirar los bloqueos, despu\u00e9s del mediod\u00eda.<\/p>\n","protected":false},"excerpt":{"rendered":"<p>Evlin Arag\u00f3n\/Zona Roja. Oaxaca de Ju\u00e1rez, Oax., 30 de octubre de 2020.- Autoridades de la&hellip;<\/p>\n","protected":false},"author":2,"featured_media":2973,"comment_status":"closed","ping_status":"open","sticky":false,"template":"","format":"standard","meta":{"_lmt_disableupdate":"","_lmt_disable":"","_jetpack_memberships_contains_paid_content":false,"footnotes":""},"categories":[109,47],"tags":[732],"class_list":["post-19431","post","type-post","status-publish","format-standard","has-post-thumbnail","hentry","category-minuto-a-minuto","category-zona-gris","tag-movimiento-de-unificacion-y-lucha-triqui"],"jetpack_featured_media_url":"https:\/\/zonaroja.com.mx\/wp-content\/uploads\/2019\/08\/MULT1.jpg","jetpack_sharing_enabled":true,"_links":{"self":[{"href":"https:\/\/zonaroja.com.mx\/index.php?rest_route=\/wp\/v2\/posts\/19431","targetHints":{"allow":["GET"]}}],"collection":[{"href":"https:\/\/zonaroja.com.mx\/index.php?rest_route=\/wp\/v2\/posts"}],"about":[{"href":"https:\/\/zonaroja.com.mx\/index.php?rest_route=\/wp\/v2\/types\/post"}],"author":[{"embeddable":true,"href":"https:\/\/zonaroja.com.mx\/index.php?rest_route=\/wp\/v2\/users\/2"}],"replies":[{"embeddable":true,"href":"https:\/\/zonaroja.com.mx\/index.php?rest_route=%2Fwp%2Fv2%2Fcomments&post=19431"}],"version-history":[{"count":1,"href":"https:\/\/zonaroja.com.mx\/index.php?rest_route=\/wp\/v2\/posts\/19431\/revisions"}],"predecessor-version":[{"id":19432,"href":"https:\/\/zonaroja.com.mx\/index.php?rest_route=\/wp\/v2\/posts\/19431\/revisions\/19432"}],"wp:featuredmedia":[{"embeddable":true,"href":"https:\/\/zonaroja.com.mx\/index.php?rest_route=\/wp\/v2\/media\/2973"}],"wp:attachment":[{"href":"https:\/\/zonaroja.com.mx\/index.php?rest_route=%2Fwp%2Fv2%2Fmedia&parent=19431"}],"wp:term":[{"taxonomy":"category","embeddable":true,"href":"https:\/\/zonaroja.com.mx\/index.php?rest_route=%2Fwp%2Fv2%2Fcategories&post=19431"},{"taxonomy":"post_tag","embeddable":true,"href":"https:\/\/zonaroja.com.mx\/index.php?rest_route=%2Fwp%2Fv2%2Ftags&post=19431"}],"curies":[{"name":"wp","href":"https:\/\/api.w.org\/{rel}","templated":true}]}}