{"id":19435,"date":"2020-10-30T10:32:23","date_gmt":"2020-10-30T16:32:23","guid":{"rendered":"http:\/\/www.zonaroja.com.mx\/?p=19435"},"modified":"2020-10-30T10:32:27","modified_gmt":"2020-10-30T16:32:27","slug":"estudiante-de-oaxaca-participa-en-olimpiada-de-matematicas-de-centroamerica-y-el-caribe","status":"publish","type":"post","link":"https:\/\/zonaroja.com.mx\/?p=19435","title":{"rendered":"Estudiante de Oaxaca participa en Olimpiada de Matem\u00e1ticas de Centroam\u00e9rica y el Caribe"},"content":{"rendered":"\n<p>Redacci\u00f3n\/Zona Roja.<\/p>\n\n\n\n<p>Oaxaca de Ju\u00e1rez, Oax., 30 de octubre de 2020.- David Garc\u00eda Maldonado, estudiante de primer semestre del plantel 01 Pueblo Nuevo del Colegio de Bachilleres del Estado de Oaxaca (Cobao), es uno de los cuatro seleccionados que represent\u00f3 a M\u00e9xico en la XXII Olimpiada de Matem\u00e1ticas de Centroam\u00e9rica y el Caribe, la cual se realiz\u00f3 en l\u00ednea los d\u00edas 27 y 28 de octubre.<\/p>\n\n\n\n<p>A sus 14 a\u00f1os, David disfruta de leer, escuchar m\u00fasica y ver series, pero su mayor gusto son las matem\u00e1ticas, que m\u00e1s que ciencia son un arte poco comprendida. \u201cMe gustan las matem\u00e1ticas porque expanden tu mente\u201d, dijo el joven bachiller.<\/p>\n\n\n\n<p>Es hijo de los abogados Virginia Francisca Maldonado Peralta y Gustavo Garc\u00eda Cano, quienes recuerdan el inicio de su historia. \u201cSu primera competencia en matem\u00e1ticas, fue cuando David cursaba el cuarto a\u00f1o en la primaria Liceo Federico Froebel\u201d.<\/p>\n\n\n\n<p>Desde entonces, David ha obtenido diversas medallas y diplomas de competencias en el pa\u00eds y el extranjero. Su padre manifiesta con orgullo que lo logrado por David en matem\u00e1ticas no lo ha conseguido otro oaxaque\u00f1o a su edad.<\/p>\n\n\n\n<p>Fue en la Olimpiada de Matem\u00e1ticas para primaria y secundaria, en 2017, donde logr\u00f3 el primer bronce representando a Oaxaca; posteriormente viaj\u00f3 a R\u00edo de la Plata, Argentina, a las Olimpiadas en 2017 y 2019, pero fue en el segundo a\u00f1o de competencia cuando obtuvo medalla de plata.<\/p>\n\n\n\n<p>Cabe destacar que David Garc\u00eda Maldonado, es el \u00fanico oaxaque\u00f1o que conforma la delegaci\u00f3n mexicana, junto con Erick Ranson Trevi\u00f1o, de Nuevo Le\u00f3n; V\u00edctor Manuel Bernal Ram\u00edrez, de Sinaloa, y Omar Farid Astudillo Marb\u00e1n de Guerrero, quienes a partir del 26 de octubre se concentraron en Cuernavaca, Morelos, en donde realizaron su participaci\u00f3n en l\u00ednea en la XXII Olimpiada de Matem\u00e1ticas de Centroam\u00e9rica y el Caribe.<\/p>\n","protected":false},"excerpt":{"rendered":"<p>Redacci\u00f3n\/Zona Roja. Oaxaca de Ju\u00e1rez, Oax., 30 de octubre de 2020.- David Garc\u00eda Maldonado, estudiante&hellip;<\/p>\n","protected":false},"author":2,"featured_media":19436,"comment_status":"closed","ping_status":"open","sticky":false,"template":"","format":"standard","meta":{"_lmt_disableupdate":"","_lmt_disable":"","_jetpack_memberships_contains_paid_content":false,"footnotes":""},"categories":[109,46],"tags":[800,2154],"class_list":["post-19435","post","type-post","status-publish","format-standard","has-post-thumbnail","hentry","category-minuto-a-minuto","category-zona-blanca","tag-colegio-de-bachilleres-de-oaxaca","tag-david-garcia-maldonado"],"jetpack_featured_media_url":"https:\/\/zonaroja.com.mx\/wp-content\/uploads\/2020\/10\/COBAO-2910.jpg","jetpack_sharing_enabled":true,"_links":{"self":[{"href":"https:\/\/zonaroja.com.mx\/index.php?rest_route=\/wp\/v2\/posts\/19435","targetHints":{"allow":["GET"]}}],"collection":[{"href":"https:\/\/zonaroja.com.mx\/index.php?rest_route=\/wp\/v2\/posts"}],"about":[{"href":"https:\/\/zonaroja.com.mx\/index.php?rest_route=\/wp\/v2\/types\/post"}],"author":[{"embeddable":true,"href":"https:\/\/zonaroja.com.mx\/index.php?rest_route=\/wp\/v2\/users\/2"}],"replies":[{"embeddable":true,"href":"https:\/\/zonaroja.com.mx\/index.php?rest_route=%2Fwp%2Fv2%2Fcomments&post=19435"}],"version-history":[{"count":1,"href":"https:\/\/zonaroja.com.mx\/index.php?rest_route=\/wp\/v2\/posts\/19435\/revisions"}],"predecessor-version":[{"id":19437,"href":"https:\/\/zonaroja.com.mx\/index.php?rest_route=\/wp\/v2\/posts\/19435\/revisions\/19437"}],"wp:featuredmedia":[{"embeddable":true,"href":"https:\/\/zonaroja.com.mx\/index.php?rest_route=\/wp\/v2\/media\/19436"}],"wp:attachment":[{"href":"https:\/\/zonaroja.com.mx\/index.php?rest_route=%2Fwp%2Fv2%2Fmedia&parent=19435"}],"wp:term":[{"taxonomy":"category","embeddable":true,"href":"https:\/\/zonaroja.com.mx\/index.php?rest_route=%2Fwp%2Fv2%2Fcategories&post=19435"},{"taxonomy":"post_tag","embeddable":true,"href":"https:\/\/zonaroja.com.mx\/index.php?rest_route=%2Fwp%2Fv2%2Ftags&post=19435"}],"curies":[{"name":"wp","href":"https:\/\/api.w.org\/{rel}","templated":true}]}}