{"id":19438,"date":"2020-10-30T16:16:18","date_gmt":"2020-10-30T22:16:18","guid":{"rendered":"http:\/\/www.zonaroja.com.mx\/?p=19438"},"modified":"2020-11-02T07:51:19","modified_gmt":"2020-11-02T13:51:19","slug":"morena-oaxaca-reafirma-que-sssul-bolanos-es-el-dirigente-tras-pifia-de-ieepco","status":"publish","type":"post","link":"https:\/\/zonaroja.com.mx\/?p=19438","title":{"rendered":"Morena Oaxaca reafirma que Sesul Bola\u00f1os es el dirigente, tras pifia de IEEPCO"},"content":{"rendered":"\n<p>Yuridiana Sosa\/Zona Roja.<\/p>\n\n\n\n<p>Oaxaca de Ju\u00e1rez, Oax., 30 de octubre de 2020.- El Comit\u00e9 Ejecutivo Estatal del Partido Morena recalc\u00f3 que el presidente del organismo en Oaxaca en Sesul Bola\u00f1os L\u00f3pez, luego que el IEEPCO confundi\u00f3 la sentencia del TEEO y difundiera que Ericel G\u00f3mez Nucamendi encabeza al instituto pol\u00edtico.<\/p>\n\n\n\n<p>En conferencia de prensa este viernes, la dirigencia de Morena reafirm\u00f3 a la militancia que no hay cambios en el organismo pol\u00edtico, pero demand\u00f3 al presidente consejero del Instituto Estatal Electoral y de Participaci\u00f3n Ciudadana de Oaxaca (IEEPCO), Gustavo Meixueiro N\u00e1jera, ofrezca una explicaci\u00f3n p\u00fablica sobre el error que cometi\u00f3 porque atenta contra la estabilidad del partido.<\/p>\n\n\n\n<p>Durante esta semana, el IEEPCO public\u00f3 en su p\u00e1gina oficial informaci\u00f3n sobre el partido pol\u00edtico Morena en la que modific\u00f3 el cargo del presidente del organismo y reconoci\u00f3 al diputado local Ericel G\u00f3mez Nucamendi.<\/p>\n\n\n\n<figure class=\"wp-block-embed-twitter wp-block-embed is-type-rich is-provider-twitter\"><div class=\"wp-block-embed__wrapper\">\n<div class=\"twitter-tweet\"><blockquote class=\"twitter-tweet\" data-lang=\"es\"><p lang=\"es\" dir=\"ltr\"><a href=\"https:\/\/twitter.com\/hashtag\/ENVIVO?src=hash&amp;ref_src=twsrc%5Etfw\">#ENVIVO<\/a><br>Oaxaca de Ju\u00e1rez, Oax., 30 de octubre de 2020.- Conferencia de prensa del Comit\u00e9 Ejecutivo Estatal del Partido Morena en Oaxaca, para precisar sobre la situaci\u00f3n de su dirigencia, que preside <a href=\"https:\/\/twitter.com\/SesulBolanos?ref_src=twsrc%5Etfw\">@SesulBolanos<\/a>.<br><br>Transmisi\u00f3n \ud83d\udc47<a href=\"https:\/\/t.co\/M5M4rLt78g\">https:\/\/t.co\/M5M4rLt78g<\/a> <a href=\"https:\/\/t.co\/AOlKUDhjEO\">pic.twitter.com\/AOlKUDhjEO<\/a><\/p>&mdash; Zona Roja Oaxaca (@MexRoja) <a href=\"https:\/\/twitter.com\/MexRoja\/status\/1322228423335448576?ref_src=twsrc%5Etfw\">30 de octubre de 2020<\/a><\/blockquote><\/div>\n<\/div><\/figure>\n\n\n\n<p>Esto a pesar que desde semanas antes, el Tribunal Estatal Electoral de Oaxaca (TEEO) ech\u00f3 abajo los reclamos del legislador de Morena sobre \u201cla ilegal designaci\u00f3n del Presidente del Comit\u00e9 Ejecutivo Estatal de Morena en Oaxaca\u201d, pues \u00e9l reclamaba el puesto de delegado estatal de Morena.<\/p>\n\n\n\n<p>Sin embargo, precisaron que la dirigencia nacional de Morena elimin\u00f3 la figura de delegados en las entidades desde el pasado 28 de febrero, por lo que es inaceptable que el encargado del \u00f3rgano electoral local desconozca y se confunda con los t\u00e9rminos.<\/p>\n\n\n\n<p>Esta situaci\u00f3n, apunt\u00f3 el Comit\u00e9 Ejecutivo Estatal, caus\u00f3 algunas diferencias, pero no representa ninguna confrontaci\u00f3n mayor, en la que tampoco est\u00e1n en contra de su compa\u00f1ero de partido, G\u00f3mez Nucamendi.<\/p>\n\n\n\n<p>La dirigencia desconoci\u00f3 si detr\u00e1s de este movimiento est\u00e1 involucrado el PRI, pero sin duda, errores como el que cometi\u00f3 el IEEPCO se prestan a interpretar que le \u201chacen el trabajo sucio\u201d al partido tricolor.<\/p>\n","protected":false},"excerpt":{"rendered":"<p>Yuridiana Sosa\/Zona Roja. Oaxaca de Ju\u00e1rez, Oax., 30 de octubre de 2020.- El Comit\u00e9 Ejecutivo&hellip;<\/p>\n","protected":false},"author":2,"featured_media":19439,"comment_status":"closed","ping_status":"open","sticky":false,"template":"","format":"standard","meta":{"_lmt_disableupdate":"","_lmt_disable":"","_jetpack_memberships_contains_paid_content":false,"footnotes":""},"categories":[109,47],"tags":[871],"class_list":["post-19438","post","type-post","status-publish","format-standard","has-post-thumbnail","hentry","category-minuto-a-minuto","category-zona-gris","tag-partido-morena-oaxaca"],"jetpack_featured_media_url":"https:\/\/zonaroja.com.mx\/wp-content\/uploads\/2020\/10\/Conferencia-CEE-Morena.jpg","jetpack_sharing_enabled":true,"_links":{"self":[{"href":"https:\/\/zonaroja.com.mx\/index.php?rest_route=\/wp\/v2\/posts\/19438","targetHints":{"allow":["GET"]}}],"collection":[{"href":"https:\/\/zonaroja.com.mx\/index.php?rest_route=\/wp\/v2\/posts"}],"about":[{"href":"https:\/\/zonaroja.com.mx\/index.php?rest_route=\/wp\/v2\/types\/post"}],"author":[{"embeddable":true,"href":"https:\/\/zonaroja.com.mx\/index.php?rest_route=\/wp\/v2\/users\/2"}],"replies":[{"embeddable":true,"href":"https:\/\/zonaroja.com.mx\/index.php?rest_route=%2Fwp%2Fv2%2Fcomments&post=19438"}],"version-history":[{"count":2,"href":"https:\/\/zonaroja.com.mx\/index.php?rest_route=\/wp\/v2\/posts\/19438\/revisions"}],"predecessor-version":[{"id":19545,"href":"https:\/\/zonaroja.com.mx\/index.php?rest_route=\/wp\/v2\/posts\/19438\/revisions\/19545"}],"wp:featuredmedia":[{"embeddable":true,"href":"https:\/\/zonaroja.com.mx\/index.php?rest_route=\/wp\/v2\/media\/19439"}],"wp:attachment":[{"href":"https:\/\/zonaroja.com.mx\/index.php?rest_route=%2Fwp%2Fv2%2Fmedia&parent=19438"}],"wp:term":[{"taxonomy":"category","embeddable":true,"href":"https:\/\/zonaroja.com.mx\/index.php?rest_route=%2Fwp%2Fv2%2Fcategories&post=19438"},{"taxonomy":"post_tag","embeddable":true,"href":"https:\/\/zonaroja.com.mx\/index.php?rest_route=%2Fwp%2Fv2%2Ftags&post=19438"}],"curies":[{"name":"wp","href":"https:\/\/api.w.org\/{rel}","templated":true}]}}