{"id":19441,"date":"2020-10-30T17:04:48","date_gmt":"2020-10-30T23:04:48","guid":{"rendered":"http:\/\/www.zonaroja.com.mx\/?p=19441"},"modified":"2020-10-30T17:04:52","modified_gmt":"2020-10-30T23:04:52","slug":"buscan-desde-el-congreso-garantizar-proteccion-a-mujeres-victimas-de-violencia","status":"publish","type":"post","link":"https:\/\/zonaroja.com.mx\/?p=19441","title":{"rendered":"Buscan desde el Congreso garantizar protecci\u00f3n a mujeres v\u00edctimas de violencia"},"content":{"rendered":"\n<p>Redacci\u00f3n\/Zona Roja.<\/p>\n\n\n\n<p>Oaxaca de Ju\u00e1rez, Oax., 30 de octubre de 2020.- Mediante una reforma a la Ley General de Acceso de las Mujeres a una Vida Libre de Violencia, presentada ante la Diputaci\u00f3n Permanente del Congreso de Oaxaca, se busca garantizar protecci\u00f3n a mujeres v\u00edctimas de violencia en el \u00e1mbito pol\u00edtico-electoral.<\/p>\n\n\n\n<p>Con la propuesta legislativa presentada por la diputada, Magaly L\u00f3pez Dom\u00ednguez, se busca instituir que las \u00f3rdenes de protecci\u00f3n que consagra la Ley sean intransferibles y de naturaleza pol\u00edtica-electoral.<\/p>\n\n\n\n<p>Adem\u00e1s, que se otorguen de forma inmediata cuando se estime que el agresor representa un riesgo inminente en contra de la seguridad de la v\u00edctima.<\/p>\n\n\n\n<p>Tambi\u00e9n, que la medida de protecci\u00f3n a las v\u00edctimas se pueda brindar de forma colectiva a fin de prevenir un da\u00f1o irreparable contra las mujeres, debido a su v\u00ednculo con una organizaci\u00f3n, grupo o comunidad de personas determinadas o determinables.<\/p>\n\n\n\n<p>En este sentido, L\u00f3pez Dom\u00ednguez plantea que ser\u00e1n el Ministerio P\u00fablico y el s\u00edndico municipal, en caso de urgencia, bajo su m\u00e1s estricta responsabilidad, los encargados de aplicar las medidas de protecci\u00f3n id\u00f3neas que permitan salvaguardar la integridad de las mujeres.<\/p>\n\n\n\n<p>Asimismo, podr\u00e1n ser otorgadas por los y las agentes del Ministerio P\u00fablico de la Fiscal\u00eda General del Estado de Oaxaca, con competencia en el territorio donde resida la v\u00edctima.<\/p>\n\n\n\n<p>La iniciativa contempla que se podr\u00e1n otorgar de manera oficiosa, cuando mediante los medios de comunicaci\u00f3n, redes sociales o cualquier otro medio, se tenga conocimiento de hechos probablemente constitutivos de infracciones o delitos que impliquen violencia contra las mujeres.<\/p>\n\n\n\n<p>Tambi\u00e9n podr\u00e1n ser solicitadas por las v\u00edctimas directas o indirectas, sus familiares, representantes legales, autoridades comunitarias o representativas ya sea por escrito o por comparecencia.<\/p>\n\n\n\n<p>Asimismo, por la Defensor\u00eda de los Derechos Humanos del Pueblo de Oaxaca y, en el caso de menores de edad, la Procuradur\u00eda de Protecci\u00f3n de los Derechos de Ni\u00f1as, Ni\u00f1os y Adolescentes de Oaxaca.<\/p>\n\n\n\n<p>Para la emisi\u00f3n de dichas ordenes no ser\u00e1 necesario que previo a la solicitud exista una carpeta o legajo de investigaci\u00f3n o un proceso jurisdiccional relacionado con los hechos.<\/p>\n\n\n\n<p>La iniciativa con Proyecto de Decreto plantea reformar los art\u00edculos 24; 25; 27 Bis, y adicionar los art\u00edculos 25 Bis, 29 Bis y 29 Ter, de la Ley Estatal de Acceso de las Mujeres a una Vida Libre de Violencia de G\u00e9nero, propuesta por la diputada, Magaly L\u00f3pez.<\/p>\n","protected":false},"excerpt":{"rendered":"<p>Redacci\u00f3n\/Zona Roja. Oaxaca de Ju\u00e1rez, Oax., 30 de octubre de 2020.- Mediante una reforma a&hellip;<\/p>\n","protected":false},"author":2,"featured_media":19442,"comment_status":"closed","ping_status":"open","sticky":false,"template":"","format":"standard","meta":{"_lmt_disableupdate":"","_lmt_disable":"","_jetpack_memberships_contains_paid_content":false,"footnotes":""},"categories":[109,46],"tags":[192],"class_list":["post-19441","post","type-post","status-publish","format-standard","has-post-thumbnail","hentry","category-minuto-a-minuto","category-zona-blanca","tag-diputada-magaly-lopez-dominguez"],"jetpack_featured_media_url":"https:\/\/zonaroja.com.mx\/wp-content\/uploads\/2020\/10\/FOTO-1-Diputada-Magaly-Lopez-Dominguez-1.jpeg","jetpack_sharing_enabled":true,"_links":{"self":[{"href":"https:\/\/zonaroja.com.mx\/index.php?rest_route=\/wp\/v2\/posts\/19441","targetHints":{"allow":["GET"]}}],"collection":[{"href":"https:\/\/zonaroja.com.mx\/index.php?rest_route=\/wp\/v2\/posts"}],"about":[{"href":"https:\/\/zonaroja.com.mx\/index.php?rest_route=\/wp\/v2\/types\/post"}],"author":[{"embeddable":true,"href":"https:\/\/zonaroja.com.mx\/index.php?rest_route=\/wp\/v2\/users\/2"}],"replies":[{"embeddable":true,"href":"https:\/\/zonaroja.com.mx\/index.php?rest_route=%2Fwp%2Fv2%2Fcomments&post=19441"}],"version-history":[{"count":1,"href":"https:\/\/zonaroja.com.mx\/index.php?rest_route=\/wp\/v2\/posts\/19441\/revisions"}],"predecessor-version":[{"id":19443,"href":"https:\/\/zonaroja.com.mx\/index.php?rest_route=\/wp\/v2\/posts\/19441\/revisions\/19443"}],"wp:featuredmedia":[{"embeddable":true,"href":"https:\/\/zonaroja.com.mx\/index.php?rest_route=\/wp\/v2\/media\/19442"}],"wp:attachment":[{"href":"https:\/\/zonaroja.com.mx\/index.php?rest_route=%2Fwp%2Fv2%2Fmedia&parent=19441"}],"wp:term":[{"taxonomy":"category","embeddable":true,"href":"https:\/\/zonaroja.com.mx\/index.php?rest_route=%2Fwp%2Fv2%2Fcategories&post=19441"},{"taxonomy":"post_tag","embeddable":true,"href":"https:\/\/zonaroja.com.mx\/index.php?rest_route=%2Fwp%2Fv2%2Ftags&post=19441"}],"curies":[{"name":"wp","href":"https:\/\/api.w.org\/{rel}","templated":true}]}}