{"id":19444,"date":"2020-10-30T18:42:48","date_gmt":"2020-10-31T00:42:48","guid":{"rendered":"http:\/\/www.zonaroja.com.mx\/?p=19444"},"modified":"2020-10-30T18:42:52","modified_gmt":"2020-10-31T00:42:52","slug":"en-oaxaca-mas-de-tres-mil-integrantes-del-sector-salud-contagiados-por-covid","status":"publish","type":"post","link":"https:\/\/zonaroja.com.mx\/?p=19444","title":{"rendered":"En Oaxaca, m\u00e1s de tres mil integrantes del sector salud contagiados por Covid"},"content":{"rendered":"\n<p>Yuridiana Sosa\/Zona Roja.<\/p>\n\n\n\n<p>Oaxaca de Ju\u00e1rez, Oax., 30 de octubre de 2020.- En el transcurso de la contingencia, tres mil 17 mujeres y hombres del sector salud, algunos integrantes del personal de la primera l\u00ednea de batalla contra el Covid-19, han sido v\u00edctimas de esta enfermedad, de las que al menos 23 m\u00e9dicos han fallecido.<\/p>\n\n\n\n<p>De acuerdo con las cifras proporcionadas por los Servicios de Salud de Oaxaca (SSO), al corte del 29 de octubre, el personal m\u00e9dico contagiado de Sars-Cov-2 representa el 14.4 por ciento de los casos aculados en la entidad.<\/p>\n\n\n\n<p>Recientemente, el secretario de Salud estatal, Donato Casas Escamilla, dio a conocer que la Secretar\u00eda de Salud de Oaxaca cuenta con el registro de al menos unos 23 m\u00e9dicos que han fallecido por Covid-19, los cuales pertenecen a los distintos servicios m\u00e9dicos, como IMSS, ISSSTE, Marina, privado, entre otros.<\/p>\n\n\n\n<p>Pero, dijo, ninguno de los m\u00e9dicos contrajo la enfermedad en los hospitales p\u00fablicos de los SSO donde se atiende Covid, sino por otras v\u00edas o en consultorios particulares.<\/p>\n\n\n\n<p>Del total de contagios en el sector m\u00e9dico, el 49 por ciento se registra en la regi\u00f3n de Valles de Centrales; seguido de la Cuenca, donde cerca del 15.6 por ciento ha enfermado, cifra similar se presenta en el Istmo, con 15 por ciento.<\/p>\n\n\n\n<p>En Oaxaca, 909 integrantes del personal m\u00e9dico han dado positivo a la enfermedad, de los cuales 454 se ubicaron en los diferentes municipios de la regi\u00f3n de Valles Centrales, que representa el 50.4 por ciento, mientras en el Istmo son 132 y en la Cuenca, 124.<\/p>\n\n\n\n<p>Pero son los miembros de enfermer\u00eda la poblaci\u00f3n m\u00e9dica m\u00e1s afectada con mil 200 contagios; 535 se ubican en Valles Centrales; Istmo con 204, Cuenca 202, as\u00ed como 101 en la regi\u00f3n Mixteca, 86 en la Costa, 40 en Sierra Sur; Ca\u00f1ada 22 casos y 10 en Sierra Norte.<\/p>\n\n\n\n<p>Tambi\u00e9n se han presentado casos entre el personal de laboratorio, que acumulan 52 casos; dentistas, 31 y en otras \u00e1reas, 825, de los que en 457 contagios corresponde a personal de Valles Centrales.<\/p>\n\n\n\n<p>Los trabajadores de la salud han sido v\u00edctimas de discriminaci\u00f3n y agresiones; han sufrido de insuficiencia en equipo de protecci\u00f3n personal, en calidad y cantidad; jornadas extenuantes, y hasta de falta de pagos y bonos prometidos por enfrentar la pandemia, pero es este sector el que sigue de pie en la lucha contra en Covid-19.<\/p>\n","protected":false},"excerpt":{"rendered":"<p>Yuridiana Sosa\/Zona Roja. Oaxaca de Ju\u00e1rez, Oax., 30 de octubre de 2020.- En el transcurso&hellip;<\/p>\n","protected":false},"author":2,"featured_media":19445,"comment_status":"closed","ping_status":"open","sticky":false,"template":"","format":"standard","meta":{"_lmt_disableupdate":"","_lmt_disable":"","_jetpack_memberships_contains_paid_content":false,"footnotes":""},"categories":[109,47],"tags":[1512],"class_list":["post-19444","post","type-post","status-publish","format-standard","has-post-thumbnail","hentry","category-minuto-a-minuto","category-zona-gris","tag-coronavirus-oaxaca"],"jetpack_featured_media_url":"https:\/\/zonaroja.com.mx\/wp-content\/uploads\/2020\/10\/Personal-de-salud-Covid.jpg","jetpack_sharing_enabled":true,"_links":{"self":[{"href":"https:\/\/zonaroja.com.mx\/index.php?rest_route=\/wp\/v2\/posts\/19444","targetHints":{"allow":["GET"]}}],"collection":[{"href":"https:\/\/zonaroja.com.mx\/index.php?rest_route=\/wp\/v2\/posts"}],"about":[{"href":"https:\/\/zonaroja.com.mx\/index.php?rest_route=\/wp\/v2\/types\/post"}],"author":[{"embeddable":true,"href":"https:\/\/zonaroja.com.mx\/index.php?rest_route=\/wp\/v2\/users\/2"}],"replies":[{"embeddable":true,"href":"https:\/\/zonaroja.com.mx\/index.php?rest_route=%2Fwp%2Fv2%2Fcomments&post=19444"}],"version-history":[{"count":1,"href":"https:\/\/zonaroja.com.mx\/index.php?rest_route=\/wp\/v2\/posts\/19444\/revisions"}],"predecessor-version":[{"id":19446,"href":"https:\/\/zonaroja.com.mx\/index.php?rest_route=\/wp\/v2\/posts\/19444\/revisions\/19446"}],"wp:featuredmedia":[{"embeddable":true,"href":"https:\/\/zonaroja.com.mx\/index.php?rest_route=\/wp\/v2\/media\/19445"}],"wp:attachment":[{"href":"https:\/\/zonaroja.com.mx\/index.php?rest_route=%2Fwp%2Fv2%2Fmedia&parent=19444"}],"wp:term":[{"taxonomy":"category","embeddable":true,"href":"https:\/\/zonaroja.com.mx\/index.php?rest_route=%2Fwp%2Fv2%2Fcategories&post=19444"},{"taxonomy":"post_tag","embeddable":true,"href":"https:\/\/zonaroja.com.mx\/index.php?rest_route=%2Fwp%2Fv2%2Ftags&post=19444"}],"curies":[{"name":"wp","href":"https:\/\/api.w.org\/{rel}","templated":true}]}}