{"id":19447,"date":"2020-10-30T19:07:20","date_gmt":"2020-10-31T01:07:20","guid":{"rendered":"http:\/\/www.zonaroja.com.mx\/?p=19447"},"modified":"2020-10-30T19:07:23","modified_gmt":"2020-10-31T01:07:23","slug":"cumple-8-dias-desaparicion-de-zayra-leticia-protestan-en-huajuapan","status":"publish","type":"post","link":"https:\/\/zonaroja.com.mx\/?p=19447","title":{"rendered":"Cumple 8 d\u00edas desaparici\u00f3n de Zayra Leticia; protestan en Huajuapan"},"content":{"rendered":"\n<p>Yuridiana Sosa\/Zona Roja.<\/p>\n\n\n\n<p>Oaxaca de Ju\u00e1rez, Oax., 30 de octubre de 2020.- Por los cientos de mujeres v\u00edctimas de feminicidios en Oaxaca, integrantes del colectivo Marea Verde e Hijas de la Luna, se unieron a fin de elaborar un altar y recordar la violencia de g\u00e9nero que se vive en la entidad, y que cada vez enluta m\u00e1s familias.<\/p>\n\n\n\n<p>En ese marco, esta tarde se efectu\u00f3 una marcha en Huajuapan de Le\u00f3n, para exigir a la Fiscal\u00eda General del Estado intensifique la b\u00fasqueda de Zayra Leticia, desaparecida hace ocho d\u00edas en la localidad de Santa Mar\u00eda Xochixtlaplico.<\/p>\n\n\n\n<p>La ofrenda previa al D\u00eda de Muertos, se realiz\u00f3 en el parque de Huajupan, en la regi\u00f3n Mixteca, de donde decenas de mujeres han sido asesinadas, algunas sin que exista antecedentes de sufrir violencia en casa, pues solo ocurri\u00f3 tras una desaparici\u00f3n de la que tambi\u00e9n fueron v\u00edctimas.<\/p>\n\n\n\n<p>La desaparici\u00f3n de Zayra Leticia Morales Loyola, de 29 a\u00f1os, el pasado 23 de octubre en la agencia de Xochixtlapilco, de ese municipio mixteco, volvi\u00f3 a ser motivo para que la ciudadan\u00eda se organizara en apoyo a la familia para exigir a la Fiscal\u00eda inmediata localizaci\u00f3n de la joven madre y evitar una tragedia mortal.<\/p>\n\n\n\n<figure class=\"wp-block-embed-twitter wp-block-embed is-type-rich is-provider-twitter\"><div class=\"wp-block-embed__wrapper\">\n<div class=\"twitter-tweet\"><blockquote class=\"twitter-tweet\" data-lang=\"es\"><p lang=\"es\" dir=\"ltr\"><a href=\"https:\/\/twitter.com\/hashtag\/OaxacaGris?src=hash&amp;ref_src=twsrc%5Etfw\">#OaxacaGris<\/a> <br>A ocho d\u00edas de la desaparici\u00f3n de Zayra Leticia, no hay ning\u00fan avance en las indagatorias por parte de la <a href=\"https:\/\/twitter.com\/FISCALIA_GobOax?ref_src=twsrc%5Etfw\">@FISCALIA_GobOax<\/a>, denuncian hoy familiares y activistas, que protestan esta tarde en <a href=\"https:\/\/twitter.com\/hashtag\/Huajuapan?src=hash&amp;ref_src=twsrc%5Etfw\">#Huajuapan<\/a> de Le\u00f3n, <a href=\"https:\/\/twitter.com\/hashtag\/Oaxaca?src=hash&amp;ref_src=twsrc%5Etfw\">#Oaxaca<\/a>. <a href=\"https:\/\/t.co\/YLjXITuPRs\">pic.twitter.com\/YLjXITuPRs<\/a><\/p>&mdash; Zona Roja Oaxaca (@MexRoja) <a href=\"https:\/\/twitter.com\/MexRoja\/status\/1322329271256424455?ref_src=twsrc%5Etfw\">31 de octubre de 2020<\/a><\/blockquote><\/div>\n<\/div><\/figure>\n\n\n\n<p>\u201cOaxaca feminicida\u201d, \u201cNi una menos\u201d, \u201cDe regreso a casa no quiero ser valiente, quiero ser libre\u201d, \u201cNo aparecemos muertas, nos matan\u201d, son algunas de las consignas escritas en cart\u00f3n y colocadas en el altar.<\/p>\n\n\n\n<p>Las activistas, vestidas de negro y protegidas del rostro, tambi\u00e9n montaron un tapete, flores, cruces de colores rosa y moradas, en memoria de las oaxaque\u00f1as v\u00edctimas de la violencia e impunidad.<\/p>\n\n\n\n<p>As\u00ed tambi\u00e9n, como parte de su actividad, la tarde de este viernes realizaron una marcha, a partir de las 18:00 horas, del hemiciclo a Ju\u00e1rez al centro de esa ciudad.<\/p>\n\n\n\n<p>Lo anterior con la finalidad de exigir mayor seguridad para la poblaci\u00f3n, pero principalmente, para las ni\u00f1as, j\u00f3venes y mujeres que han desaparecido en su camino a casa despu\u00e9s del trabajo, o viceversa, o tan s\u00f3lo a pocos metros de sus casas.<\/p>\n","protected":false},"excerpt":{"rendered":"<p>Yuridiana Sosa\/Zona Roja. Oaxaca de Ju\u00e1rez, Oax., 30 de octubre de 2020.- Por los cientos&hellip;<\/p>\n","protected":false},"author":2,"featured_media":19448,"comment_status":"closed","ping_status":"open","sticky":false,"template":"","format":"standard","meta":{"_lmt_disableupdate":"","_lmt_disable":"","_jetpack_memberships_contains_paid_content":false,"footnotes":""},"categories":[109,47],"tags":[610,461],"class_list":["post-19447","post","type-post","status-publish","format-standard","has-post-thumbnail","hentry","category-minuto-a-minuto","category-zona-gris","tag-feminicidios-oaxaca","tag-violencia-feminicida-oaxaca"],"jetpack_featured_media_url":"https:\/\/zonaroja.com.mx\/wp-content\/uploads\/2020\/10\/Marcha-Huajuapan-feminicidios.jpg","jetpack_sharing_enabled":true,"_links":{"self":[{"href":"https:\/\/zonaroja.com.mx\/index.php?rest_route=\/wp\/v2\/posts\/19447","targetHints":{"allow":["GET"]}}],"collection":[{"href":"https:\/\/zonaroja.com.mx\/index.php?rest_route=\/wp\/v2\/posts"}],"about":[{"href":"https:\/\/zonaroja.com.mx\/index.php?rest_route=\/wp\/v2\/types\/post"}],"author":[{"embeddable":true,"href":"https:\/\/zonaroja.com.mx\/index.php?rest_route=\/wp\/v2\/users\/2"}],"replies":[{"embeddable":true,"href":"https:\/\/zonaroja.com.mx\/index.php?rest_route=%2Fwp%2Fv2%2Fcomments&post=19447"}],"version-history":[{"count":1,"href":"https:\/\/zonaroja.com.mx\/index.php?rest_route=\/wp\/v2\/posts\/19447\/revisions"}],"predecessor-version":[{"id":19449,"href":"https:\/\/zonaroja.com.mx\/index.php?rest_route=\/wp\/v2\/posts\/19447\/revisions\/19449"}],"wp:featuredmedia":[{"embeddable":true,"href":"https:\/\/zonaroja.com.mx\/index.php?rest_route=\/wp\/v2\/media\/19448"}],"wp:attachment":[{"href":"https:\/\/zonaroja.com.mx\/index.php?rest_route=%2Fwp%2Fv2%2Fmedia&parent=19447"}],"wp:term":[{"taxonomy":"category","embeddable":true,"href":"https:\/\/zonaroja.com.mx\/index.php?rest_route=%2Fwp%2Fv2%2Fcategories&post=19447"},{"taxonomy":"post_tag","embeddable":true,"href":"https:\/\/zonaroja.com.mx\/index.php?rest_route=%2Fwp%2Fv2%2Ftags&post=19447"}],"curies":[{"name":"wp","href":"https:\/\/api.w.org\/{rel}","templated":true}]}}