{"id":19450,"date":"2020-10-30T21:04:01","date_gmt":"2020-10-31T03:04:01","guid":{"rendered":"http:\/\/www.zonaroja.com.mx\/?p=19450"},"modified":"2020-10-30T21:04:05","modified_gmt":"2020-10-31T03:04:05","slug":"en-oaxaca-dia-de-muertos-sin-celebracion-por-pandemia","status":"publish","type":"post","link":"https:\/\/zonaroja.com.mx\/?p=19450","title":{"rendered":"En Oaxaca, D\u00eda de Muertos sin celebraci\u00f3n, por pandemia"},"content":{"rendered":"\n<p>Evlin Arag\u00f3n\/Zona Roja.<\/p>\n\n\n\n<p>Oaxaca de Ju\u00e1rez, Oax., 30 de octubre de 2020.- Decenas de puestos de flores, fruta, pan han sido instalados desde hace unos d\u00edas en distintos puntos de Oaxaca; sean orillas de carreteras, mercados formales o informales o puestos improvisados en las calles.<\/p>\n\n\n\n<p>Pero no habr\u00e1 celebraci\u00f3n al estilo de los oaxaque\u00f1os, con fiestas, mucha comida, m\u00fasica y multitudes. Este a\u00f1o, la pandemia por Covid-19 ha matado m\u00faltiples celebraciones y Todos Santos y Fieles Difuntos no es la excepci\u00f3n.<\/p>\n\n\n\n<p>M\u00e1s de siete largos meses han pasado desde que el Gobierno Federal decret\u00f3 la emergencia sanitaria, implement\u00f3 medidas especiales; llam\u00f3 a la poblaci\u00f3n a quedarse en casa debido para no contagiarse del virus que azota el mundo.<\/p>\n\n\n\n<p>Durante todo este tiempo se han tenido que suspender cumplea\u00f1os, graduaciones, bautizos, bodas, o al menos se han tenido que realizar respetando las medidas sanitarias para evitar el contagio, particularmente la sana distancia y evitando la concentraci\u00f3n de un n\u00famero amplio de personas.\u00a0 No se digan las fiestas de colorido como la Guelaguetza.<\/p>\n\n\n\n<p>Sin embargo, la festividad del D\u00eda de Muertos esta tan arraiga en Oaxaca que, sin importar la pandemia, mujeres, en su mayor\u00eda, han salido desde el jueves a realizar las compras necesarias para instalar su ofrenda, aquella dedicada a sus difuntos con la certeza que este fin de semana volver\u00e1n a convivir.<\/p>\n\n\n\n<p>Algunas con temor, otras con prisa porque el tiempo se les vino encima y unas m\u00e1s como cualquier otro d\u00eda de plaza, todas acuden a realizar sus compras portando su cubreboca.<\/p>\n\n\n\n<p>Las calles del Centro Hist\u00f3rico de la ciudad lucen sin suficientes adornos; s\u00f3lo algunas fachadas, principalmente de comercios, colocaron ofrendas y adornos alusivos a la tradici\u00f3n. Colonias y pueblos circunvecinos, tampoco pusieron mucho inter\u00e9s en adornar sus calles y domicilios.<\/p>\n\n\n\n<figure class=\"wp-block-embed-twitter wp-block-embed is-type-rich is-provider-twitter\"><div class=\"wp-block-embed__wrapper\">\n<div class=\"twitter-tweet\"><blockquote class=\"twitter-tweet\" data-lang=\"es\"><p lang=\"es\" dir=\"ltr\"><a href=\"https:\/\/twitter.com\/hashtag\/D%C3%ADaDeMuertos?src=hash&amp;ref_src=twsrc%5Etfw\">#D\u00edaDeMuertos<\/a><br>As\u00ed se encuentran algunas calles y fachadas del centro de la ciudad de <a href=\"https:\/\/twitter.com\/hashtag\/Oaxaca?src=hash&amp;ref_src=twsrc%5Etfw\">#Oaxaca<\/a>, en v\u00edsperas de la celebraci\u00f3n del D\u00eda de Muertos y Todos Santos, que se conmemorar\u00e1n sin actos masivos ni visitas a panteones. <a href=\"https:\/\/t.co\/TlAqFG3NCu\">pic.twitter.com\/TlAqFG3NCu<\/a><\/p>&mdash; Zona Roja Oaxaca (@MexRoja) <a href=\"https:\/\/twitter.com\/MexRoja\/status\/1322322206811148289?ref_src=twsrc%5Etfw\">30 de octubre de 2020<\/a><\/blockquote><\/div>\n<\/div><\/figure>\n\n\n\n<p>SOBREVIVIR EN MUERTOS<\/p>\n\n\n\n<p>En tanto, establecimientos como la panader\u00eda \u201cMart\u00ednez\u201d ubicada en Santiago Suchilquitongo, Etla, han vuelto a la vida en esta temporada, si bien han mantenido la venta durante todo el a\u00f1o, don Pedro y do\u00f1a Gudelia, refieren que la venta de estos d\u00edas ha sido un respiro para el negocio.<\/p>\n\n\n\n<p>\u201cPor lo menos pan y chocolate hay que poner en el altar. Aunque sea una ofrenda peque\u00f1a el pan no puede faltar\u201d, refiere do\u00f1a Gudelia.&nbsp;<\/p>\n\n\n\n<p>\u201cPuedes hacer tu pedido v\u00eda Whatsapp\u201d, fue el mensaje que envi\u00f3 do\u00f1a Martha a sus clientas habituales; este a\u00f1o la venta de comida que realiza se ha venido abajo de forma considerable, no obstante, para esta temporada ofrece tamales de mole, rajas, salsa verde y dulce que incluso puede hacer llegar a tu domicilio.&nbsp;&nbsp;<\/p>\n\n\n\n<p>\u201cNada m\u00e1s ap\u00e1rtemelos y yo voy por ellos\u201d responden algunas clientas en el chat, mientras que otras le toman la palabra y esperan su pedido en casa para colocarlos en su ofrenda, la cual ha tenido que ser menor a la de a\u00f1os anteriores debido a la crisis econ\u00f3mica que ya padecen las y los oaxaque\u00f1os.<\/p>\n\n\n\n<p>La venta de forma virtual tambi\u00e9n incluye otros productos como en el caso de chocolate \u201cLa Perdici\u00f3n\u201d que desde hace d\u00edas ofrecen pan, chocolate y mermeladas de temporada mediante el Facebook o los grupos de Whatsapps.&nbsp;<\/p>\n\n\n\n<p>Mientras que en las redes sociales se invita a no regatear a quienes venden flores o fruta de temporada, ya que conf\u00edan en que esta temporada pueda reactivar la econom\u00eda local azotada por la pandemia y con escases de apoyo por parte de las autoridades.&nbsp;<\/p>\n\n\n\n<p>\u201cEn esta temporada de #D\u00edaDeMuertos, si vas a comprar flores o frutas tra\u00eddas de los pueblos de #Oaxaca \u00a1NO REGATEES!, piensa en todo el esfuerzo que se ha hecho para que lleguen hasta ti\u201d, refiere la publicaci\u00f3n de Vive Oaxaca.\u00a0<\/p>\n\n\n\n<figure class=\"wp-block-embed-twitter wp-block-embed is-type-rich is-provider-twitter\"><div class=\"wp-block-embed__wrapper\">\n<div class=\"twitter-tweet\"><blockquote class=\"twitter-tweet\" data-lang=\"es\"><p lang=\"es\" dir=\"ltr\"><a href=\"https:\/\/twitter.com\/hashtag\/D%C3%ADaDeMuertos?src=hash&amp;ref_src=twsrc%5Etfw\">#D\u00edaDeMuertos<\/a><br>A un d\u00eda del inicio de la conmemoraci\u00f3n del D\u00eda de Muertos en la tradici\u00f3n cat\u00f3lica, el principal pante\u00f3n de la ciudad de Oaxaca se encuentra sin gente y con tumbas sin adornos. <a href=\"https:\/\/t.co\/P7hrJTer5B\">pic.twitter.com\/P7hrJTer5B<\/a><\/p>&mdash; Zona Roja Oaxaca (@MexRoja) <a href=\"https:\/\/twitter.com\/MexRoja\/status\/1322286233737781249?ref_src=twsrc%5Etfw\">30 de octubre de 2020<\/a><\/blockquote><\/div>\n<\/div><\/figure>\n\n\n\n<p>MUY MUERTOS<\/p>\n\n\n\n<p>La vendimia en mercados, calles y plazas p\u00fablicas, al tope. Pero este a\u00f1o ser\u00e1 distinto; no hubo comparsas y la mayor\u00eda de las familias s\u00ed instala su altar de Muertos desde esta noche; de acuerdo con la tradici\u00f3n cat\u00f3lica, desde este d\u00eda comienzan a llegar los llamados angelitos, es decir, los que murieron menores de edad.<\/p>\n\n\n\n<p>Ma\u00f1ana comenzar\u00e1n a llegar a los difuntos mayores a los domicilios y en la noche se realizan en algunos camposantos, como Santa Cruz Xoxocotl\u00e1n y Santa Mar\u00eda Atzompa, las tradicionales veladas, que este a\u00f1o fueron canceladas para evitar aglomeraciones.<\/p>\n\n\n\n<p>El 1 de noviembre es el intercambio de ofrendas entre familias y allegados, que ser\u00e1 con el menor n\u00famero de personas. El 2 de noviembre, tradicional visita a panteones para convivir con los familiares fallecidos, pero tampoco habr\u00e1 acceso a las tumbas. Este a\u00f1o, la pandemia del Covid tambi\u00e9n mat\u00f3, literalmente, a las tradiciones de Muertos. <\/p>\n","protected":false},"excerpt":{"rendered":"<p>Evlin Arag\u00f3n\/Zona Roja. Oaxaca de Ju\u00e1rez, Oax., 30 de octubre de 2020.- Decenas de puestos&hellip;<\/p>\n","protected":false},"author":2,"featured_media":19451,"comment_status":"closed","ping_status":"open","sticky":false,"template":"","format":"standard","meta":{"_lmt_disableupdate":"","_lmt_disable":"","_jetpack_memberships_contains_paid_content":false,"footnotes":""},"categories":[109,47],"tags":[2155],"class_list":["post-19450","post","type-post","status-publish","format-standard","has-post-thumbnail","hentry","category-minuto-a-minuto","category-zona-gris","tag-dia-de-muertos-oaxaca"],"jetpack_featured_media_url":"https:\/\/zonaroja.com.mx\/wp-content\/uploads\/2020\/10\/Muertos-Oaxaca.jpg","jetpack_sharing_enabled":true,"_links":{"self":[{"href":"https:\/\/zonaroja.com.mx\/index.php?rest_route=\/wp\/v2\/posts\/19450","targetHints":{"allow":["GET"]}}],"collection":[{"href":"https:\/\/zonaroja.com.mx\/index.php?rest_route=\/wp\/v2\/posts"}],"about":[{"href":"https:\/\/zonaroja.com.mx\/index.php?rest_route=\/wp\/v2\/types\/post"}],"author":[{"embeddable":true,"href":"https:\/\/zonaroja.com.mx\/index.php?rest_route=\/wp\/v2\/users\/2"}],"replies":[{"embeddable":true,"href":"https:\/\/zonaroja.com.mx\/index.php?rest_route=%2Fwp%2Fv2%2Fcomments&post=19450"}],"version-history":[{"count":1,"href":"https:\/\/zonaroja.com.mx\/index.php?rest_route=\/wp\/v2\/posts\/19450\/revisions"}],"predecessor-version":[{"id":19452,"href":"https:\/\/zonaroja.com.mx\/index.php?rest_route=\/wp\/v2\/posts\/19450\/revisions\/19452"}],"wp:featuredmedia":[{"embeddable":true,"href":"https:\/\/zonaroja.com.mx\/index.php?rest_route=\/wp\/v2\/media\/19451"}],"wp:attachment":[{"href":"https:\/\/zonaroja.com.mx\/index.php?rest_route=%2Fwp%2Fv2%2Fmedia&parent=19450"}],"wp:term":[{"taxonomy":"category","embeddable":true,"href":"https:\/\/zonaroja.com.mx\/index.php?rest_route=%2Fwp%2Fv2%2Fcategories&post=19450"},{"taxonomy":"post_tag","embeddable":true,"href":"https:\/\/zonaroja.com.mx\/index.php?rest_route=%2Fwp%2Fv2%2Ftags&post=19450"}],"curies":[{"name":"wp","href":"https:\/\/api.w.org\/{rel}","templated":true}]}}