{"id":19453,"date":"2020-10-30T21:57:26","date_gmt":"2020-10-31T03:57:26","guid":{"rendered":"http:\/\/www.zonaroja.com.mx\/?p=19453"},"modified":"2020-10-30T21:57:30","modified_gmt":"2020-10-31T03:57:30","slug":"van-18-mil-863-personas-que-se-han-recuperado-del-covid-hoy-113","status":"publish","type":"post","link":"https:\/\/zonaroja.com.mx\/?p=19453","title":{"rendered":"Van 18 mil 863 personas que se han recuperado del Covid; hoy, 113"},"content":{"rendered":"\n<p>Redacci\u00f3n\/Zona Roja.<\/p>\n\n\n\n<p>Oaxaca de Ju\u00e1rez, Oax., 30 de octubre de 2020.- Este viernes se registraron 179 casos nuevos en 55 municipios, para un acumulado de 21 mil 191 confirmados; de este total, 14 mil 160 corresponden a Valles Centrales, dos mil 091 al Istmo, mil 824 a Tuxtepec, mil 506 a la Mixteca, mil 058 a la Costa y 552 a la Sierra.<\/p>\n\n\n\n<p>De acuerdo con la dependencia Servicios de Salud de Oaxaca, se dieron de alta m\u00e9dica a 113 pacientes, lo que da un total de 18 mil 863 personas que se han recuperado de la patolog\u00eda v\u00edrica, tres mil 455 est\u00e1n como sospechosos, y nueve mil 156 han resultado negativo a la enfermedad.<\/p>\n\n\n\n<p>Respecto a las defunciones, lament\u00f3 que se tenga el registro de mil 636 decesos, cuatro m\u00e1s que el d\u00eda de ayer; por lo que Valles Centrales concentra 818 muertes, Istmo 296, Tuxtepec 249, Mixteca 129, Costa 90 y Sierra 54 fallecimientos.<\/p>\n\n\n\n<p>Asever\u00f3 que los pacientes con padecimientos cr\u00f3nicos contin\u00faan siendo el grupo de la poblaci\u00f3n m\u00e1s afectada, y es que se\u00f1al\u00f3 que seg\u00fan las estad\u00edsticas de las personas que han perdido la vida a causa del Covid-19, el 39.2% presentaba diabetes mellitus, 37.6% hipertensi\u00f3n arterial, 24.6% obesidad y 7% insuficiencia renal.<\/p>\n\n\n\n<p>Expuso que de acuerdo al estado de salud de los casos confirmados, el 80% han requerido hospitalizaci\u00f3n y el 20% han cursado la enfermedad en sus domicilios, al presentar s\u00edntomas sin gravedad.<\/p>\n\n\n\n<figure class=\"wp-block-embed-twitter wp-block-embed is-type-rich is-provider-twitter\"><div class=\"wp-block-embed__wrapper\">\n<div class=\"twitter-tweet\"><blockquote class=\"twitter-tweet\" data-lang=\"es\"><p lang=\"es\" dir=\"ltr\">El <a href=\"https:\/\/twitter.com\/hashtag\/COVID19?src=hash&amp;ref_src=twsrc%5Etfw\">#COVID19<\/a> no ha desaparecido, y aunque existen grupos de riesgo, todas y todos podemos contagiarnos y padecer alguna complicaci\u00f3n que comprometa nuestra vida.<br><br>Esta celebraci\u00f3n de los fieles difuntos, <a href=\"https:\/\/twitter.com\/hashtag\/V%C3%ADvelaEnCasa?src=hash&amp;ref_src=twsrc%5Etfw\">#V\u00edvelaEnCasa<\/a>. <a href=\"https:\/\/t.co\/fkBFEnk0Lr\">pic.twitter.com\/fkBFEnk0Lr<\/a><\/p>&mdash; Servicios de Salud (@SSO_GobOax) <a href=\"https:\/\/twitter.com\/SSO_GobOax\/status\/1322360339049058304?ref_src=twsrc%5Etfw\">31 de octubre de 2020<\/a><\/blockquote><\/div>\n<\/div><\/figure>\n\n\n\n<p>Puntualiz\u00f3 que a la fecha 918 profesionales m\u00e9dicos han dado positivo a Covid-19, mil 205 de enfermer\u00eda y 918 de otros perfiles; adem\u00e1s el d\u00eda de hoy la ocupaci\u00f3n hospitalaria en la entidad se encuentra al 32.2%, de esta cifra 38.2% son camas sin ventilador y 22.8% de terapia intensiva.<\/p>\n\n\n\n<p>En tanto, el 74.8% de los casos activos de Covid corresponden a la Jurisdicci\u00f3n Sanitaria de Valles Centrales, de un total de 643 pacientes que actualmente cursan con la patolog\u00eda v\u00edrica.<\/p>\n\n\n\n<p>De esta zona, la mayor incidencia de personas que enfermaron en los \u00faltimos 14 d\u00edas y que pueden contagiar la enfermedad son: Oaxaca de Ju\u00e1rez con 197 pacientes, Santa Cruz Xoxocotl\u00e1n con 46 y Santa Luc\u00eda del camino con 37, afirm\u00f3.<\/p>\n\n\n\n<p>Asimismo, dijo que en segundo lugar de casos activos se encuentra la Mixteca con 71, seguido de la Costa con 36, Istmo con 26 e igual n\u00famero en la Sierra, y por \u00faltimo Tuxtepec con tres pacientes.<\/p>\n\n\n\n<p>Finalmente pidi\u00f3 a las y los oaxaque\u00f1os a no ignorar la consigna sanitaria que recomienda quedarse en casa si es posible, as\u00ed como adoptar la elemental acci\u00f3n de protecci\u00f3n de usar cubrebocas y lavarse las manos constantemente, adem\u00e1s de aplicar la sana distancia.<\/p>\n","protected":false},"excerpt":{"rendered":"<p>Redacci\u00f3n\/Zona Roja. Oaxaca de Ju\u00e1rez, Oax., 30 de octubre de 2020.- Este viernes se registraron&hellip;<\/p>\n","protected":false},"author":2,"featured_media":19454,"comment_status":"closed","ping_status":"open","sticky":false,"template":"","format":"standard","meta":{"_lmt_disableupdate":"","_lmt_disable":"","_jetpack_memberships_contains_paid_content":false,"footnotes":""},"categories":[109,47],"tags":[1512],"class_list":["post-19453","post","type-post","status-publish","format-standard","has-post-thumbnail","hentry","category-minuto-a-minuto","category-zona-gris","tag-coronavirus-oaxaca"],"jetpack_featured_media_url":"https:\/\/zonaroja.com.mx\/wp-content\/uploads\/2020\/10\/SSO-1-2-2.jpeg","jetpack_sharing_enabled":true,"_links":{"self":[{"href":"https:\/\/zonaroja.com.mx\/index.php?rest_route=\/wp\/v2\/posts\/19453","targetHints":{"allow":["GET"]}}],"collection":[{"href":"https:\/\/zonaroja.com.mx\/index.php?rest_route=\/wp\/v2\/posts"}],"about":[{"href":"https:\/\/zonaroja.com.mx\/index.php?rest_route=\/wp\/v2\/types\/post"}],"author":[{"embeddable":true,"href":"https:\/\/zonaroja.com.mx\/index.php?rest_route=\/wp\/v2\/users\/2"}],"replies":[{"embeddable":true,"href":"https:\/\/zonaroja.com.mx\/index.php?rest_route=%2Fwp%2Fv2%2Fcomments&post=19453"}],"version-history":[{"count":1,"href":"https:\/\/zonaroja.com.mx\/index.php?rest_route=\/wp\/v2\/posts\/19453\/revisions"}],"predecessor-version":[{"id":19455,"href":"https:\/\/zonaroja.com.mx\/index.php?rest_route=\/wp\/v2\/posts\/19453\/revisions\/19455"}],"wp:featuredmedia":[{"embeddable":true,"href":"https:\/\/zonaroja.com.mx\/index.php?rest_route=\/wp\/v2\/media\/19454"}],"wp:attachment":[{"href":"https:\/\/zonaroja.com.mx\/index.php?rest_route=%2Fwp%2Fv2%2Fmedia&parent=19453"}],"wp:term":[{"taxonomy":"category","embeddable":true,"href":"https:\/\/zonaroja.com.mx\/index.php?rest_route=%2Fwp%2Fv2%2Fcategories&post=19453"},{"taxonomy":"post_tag","embeddable":true,"href":"https:\/\/zonaroja.com.mx\/index.php?rest_route=%2Fwp%2Fv2%2Ftags&post=19453"}],"curies":[{"name":"wp","href":"https:\/\/api.w.org\/{rel}","templated":true}]}}