{"id":19456,"date":"2020-10-31T08:11:47","date_gmt":"2020-10-31T14:11:47","guid":{"rendered":"http:\/\/www.zonaroja.com.mx\/?p=19456"},"modified":"2020-10-31T08:11:51","modified_gmt":"2020-10-31T14:11:51","slug":"mixteca-violenta-otra-presidenta-municipal-es-retenida-ahora-en-zapotitlan","status":"publish","type":"post","link":"https:\/\/zonaroja.com.mx\/?p=19456","title":{"rendered":"Mixteca violenta: otra presidenta municipal es retenida, ahora en Zapotitl\u00e1n"},"content":{"rendered":"\n<p>Ismael Garc\u00eda M.\/Zona Roja.<\/p>\n\n\n\n<p>Oaxaca de Ju\u00e1rez, Oax., 31 de octubre de 2020.- Una segunda presidenta municipal fue retenida en la regi\u00f3n Mixteca de Oaxaca. Se trata de la alcaldesa de Zapotitl\u00e1n Lagunas, Fabiola Honorina Morales Gonz\u00e1lez, quien con violencia, fue increpada y privada de su libertad anoche en el palacio municipal.<\/p>\n\n\n\n<p>Los inconformes la acusan de no rendir cuentas de los recursos presupuestales y le exigen esclarecer el destino de aproximadamente 16 millones de pesos del erario; hasta la madrugada de este s\u00e1bado no hab\u00eda sido liberada.<\/p>\n\n\n\n<p>Por otra parte, la violencia continu\u00f3 ayer en la regi\u00f3n Mixteca entre transportistas, y por segundo d\u00eda continuaron los bloqueos, a accesos a Santiago Juxtlahuaca.<\/p>\n\n\n\n<figure class=\"wp-block-embed-twitter wp-block-embed is-type-rich is-provider-twitter\"><div class=\"wp-block-embed__wrapper\">\n<div class=\"twitter-tweet\"><blockquote class=\"twitter-tweet\" data-lang=\"es\"><p lang=\"es\" dir=\"ltr\"><a href=\"https:\/\/twitter.com\/hashtag\/%C3%9AltimoMinuto?src=hash&amp;ref_src=twsrc%5Etfw\">#\u00daltimoMinuto<\/a> <br>Una segunda presidenta municipal es retenida en <a href=\"https:\/\/twitter.com\/hashtag\/Oaxaca?src=hash&amp;ref_src=twsrc%5Etfw\">#Oaxaca<\/a> esta semana. <br>El caso de esta noche se trata de Fabiola Honorina Morales Gonz\u00e1lez, alcaldesa de <a href=\"https:\/\/twitter.com\/hashtag\/Zapotitl%C3%A1n?src=hash&amp;ref_src=twsrc%5Etfw\">#Zapotitl\u00e1n<\/a> Lagunas, regi\u00f3n <a href=\"https:\/\/twitter.com\/hashtag\/Mixteca?src=hash&amp;ref_src=twsrc%5Etfw\">#Mixteca<\/a>. <br>Pobladores la acusan de opacidad y desv\u00edo de recursos. <a href=\"https:\/\/twitter.com\/DDHPO?ref_src=twsrc%5Etfw\">@DDHPO<\/a> <a href=\"https:\/\/twitter.com\/CNDH?ref_src=twsrc%5Etfw\">@CNDH<\/a> <a href=\"https:\/\/t.co\/0A3j8ZTfUQ\">pic.twitter.com\/0A3j8ZTfUQ<\/a><\/p>&mdash; Zona Roja Oaxaca (@MexRoja) <a href=\"https:\/\/twitter.com\/MexRoja\/status\/1322378659123048448?ref_src=twsrc%5Etfw\">31 de octubre de 2020<\/a><\/blockquote><\/div>\n<\/div><\/figure>\n\n\n\n<p>Adem\u00e1s, denuncian la desaparici\u00f3n desde el jueves del conductor de una unidad de transporte de pasajeros, de nombre Daniel P\u00e9rez, por lo cual piden intervenci\u00f3n de la Fiscal\u00eda General del Estado de Oaxaca.<\/p>\n\n\n\n<p>Integrantes de las l\u00edneas de transporte \u201cEstrella Roja\u201d y \u201cTazuyuti\u201d, afiliados al MULT, culpan a Israel Mart\u00ednez Ram\u00edrez, as\u00ed como a Filadelfo Berista\u00edn, dirigentes del Frete Nacional Ind\u00edgena y Campesino (FNIC) la desaparici\u00f3n, por lo cual el bloqueo no ser\u00e1 retirado hasta que aparezca el chofer.<\/p>\n\n\n\n<p>El pasado jueves, transportistas del FNIC y de MULT se enfrentaron, con saldo de una persona lesionada con arma blanca; hasta el momento no hay ninguna persona detenida.<\/p>\n\n\n\n<figure class=\"wp-block-image size-large\"><img decoding=\"async\" width=\"720\" height=\"584\" src=\"http:\/\/www.zonaroja.com.mx\/wp-content\/uploads\/2020\/10\/Zapotitlan-1-retenida.jpg\" alt=\"\" class=\"wp-image-19457\" srcset=\"https:\/\/zonaroja.com.mx\/wp-content\/uploads\/2020\/10\/Zapotitlan-1-retenida.jpg 720w, https:\/\/zonaroja.com.mx\/wp-content\/uploads\/2020\/10\/Zapotitlan-1-retenida-300x243.jpg 300w, https:\/\/zonaroja.com.mx\/wp-content\/uploads\/2020\/10\/Zapotitlan-1-retenida-585x475.jpg 585w\" sizes=\"(max-width: 720px) 100vw, 720px\" \/><\/figure>\n","protected":false},"excerpt":{"rendered":"<p>Ismael Garc\u00eda M.\/Zona Roja. Oaxaca de Ju\u00e1rez, Oax., 31 de octubre de 2020.- Una segunda&hellip;<\/p>\n","protected":false},"author":2,"featured_media":19458,"comment_status":"closed","ping_status":"open","sticky":false,"template":"","format":"standard","meta":{"_lmt_disableupdate":"","_lmt_disable":"","_jetpack_memberships_contains_paid_content":false,"footnotes":""},"categories":[109,47],"tags":[2157,2156],"class_list":["post-19456","post","type-post","status-publish","format-standard","has-post-thumbnail","hentry","category-minuto-a-minuto","category-zona-gris","tag-fabiola-honorina-morales-gonzalez","tag-zapotitlan-lagunas"],"jetpack_featured_media_url":"https:\/\/zonaroja.com.mx\/wp-content\/uploads\/2020\/10\/Zapotitlan-2-retenida.jpg","jetpack_sharing_enabled":true,"_links":{"self":[{"href":"https:\/\/zonaroja.com.mx\/index.php?rest_route=\/wp\/v2\/posts\/19456","targetHints":{"allow":["GET"]}}],"collection":[{"href":"https:\/\/zonaroja.com.mx\/index.php?rest_route=\/wp\/v2\/posts"}],"about":[{"href":"https:\/\/zonaroja.com.mx\/index.php?rest_route=\/wp\/v2\/types\/post"}],"author":[{"embeddable":true,"href":"https:\/\/zonaroja.com.mx\/index.php?rest_route=\/wp\/v2\/users\/2"}],"replies":[{"embeddable":true,"href":"https:\/\/zonaroja.com.mx\/index.php?rest_route=%2Fwp%2Fv2%2Fcomments&post=19456"}],"version-history":[{"count":1,"href":"https:\/\/zonaroja.com.mx\/index.php?rest_route=\/wp\/v2\/posts\/19456\/revisions"}],"predecessor-version":[{"id":19459,"href":"https:\/\/zonaroja.com.mx\/index.php?rest_route=\/wp\/v2\/posts\/19456\/revisions\/19459"}],"wp:featuredmedia":[{"embeddable":true,"href":"https:\/\/zonaroja.com.mx\/index.php?rest_route=\/wp\/v2\/media\/19458"}],"wp:attachment":[{"href":"https:\/\/zonaroja.com.mx\/index.php?rest_route=%2Fwp%2Fv2%2Fmedia&parent=19456"}],"wp:term":[{"taxonomy":"category","embeddable":true,"href":"https:\/\/zonaroja.com.mx\/index.php?rest_route=%2Fwp%2Fv2%2Fcategories&post=19456"},{"taxonomy":"post_tag","embeddable":true,"href":"https:\/\/zonaroja.com.mx\/index.php?rest_route=%2Fwp%2Fv2%2Ftags&post=19456"}],"curies":[{"name":"wp","href":"https:\/\/api.w.org\/{rel}","templated":true}]}}