{"id":19460,"date":"2020-10-31T08:23:56","date_gmt":"2020-10-31T14:23:56","guid":{"rendered":"http:\/\/www.zonaroja.com.mx\/?p=19460"},"modified":"2020-10-31T08:24:00","modified_gmt":"2020-10-31T14:24:00","slug":"sin-pistas-de-autores-de-asesinato-de-periodista-en-ciudad-juarez","status":"publish","type":"post","link":"https:\/\/zonaroja.com.mx\/?p=19460","title":{"rendered":"Sin pistas, de autores de asesinato de periodista en Ciudad Ju\u00e1rez"},"content":{"rendered":"\n<p>Redacci\u00f3n\/Zona Roja Cdmx.<\/p>\n\n\n\n<p>Ciudad de M\u00e9xico, 31 de octubre de 2020.- A m\u00e1s de 36 horas de perpetrado el crimen en Ciudad Ju\u00e1rez, Chihuahua, a\u00fan no hay personas detenidas y pistas del o los autores del asesinato del periodista Arturo Alba Medina.<\/p>\n\n\n\n<p>De acuerdo con informaci\u00f3n del diario \u201cLa Jornada\u201d, el conductor del principal noticiero local de televisi\u00f3n ultimado a balazos la noche del jueves en calles de la colonia Hidalgo de Ciudad Ju\u00e1rez, poco despu\u00e9s de que sali\u00f3 de laborar, inform\u00f3 la Fiscal\u00eda General del estado.<\/p>\n\n\n\n<p>Alba Medina, tambi\u00e9n maestro y vocero del Instituto Tecnol\u00f3gico de Ciudad Ju\u00e1rez, recibi\u00f3 al menos 12 impactos de bala cuando circulaba en su auto; momentos antes hab\u00eda participado en la emisi\u00f3n del Telediario nocturno de la empresa Multimedios y se dirig\u00eda a su domicilio.<\/p>\n\n\n\n<p>La indagatoria inicial establece que sufri\u00f3 un ataque directo, rese\u00f1a el diario \u201cLa Jornada\u201d.<\/p>\n\n\n\n<figure class=\"wp-block-image size-large\"><img decoding=\"async\" width=\"701\" height=\"351\" src=\"http:\/\/www.zonaroja.com.mx\/wp-content\/uploads\/2020\/10\/Arturo-Alba-Medina-2.jpg\" alt=\"\" class=\"wp-image-19461\" srcset=\"https:\/\/zonaroja.com.mx\/wp-content\/uploads\/2020\/10\/Arturo-Alba-Medina-2.jpg 701w, https:\/\/zonaroja.com.mx\/wp-content\/uploads\/2020\/10\/Arturo-Alba-Medina-2-300x150.jpg 300w, https:\/\/zonaroja.com.mx\/wp-content\/uploads\/2020\/10\/Arturo-Alba-Medina-2-585x293.jpg 585w\" sizes=\"(max-width: 701px) 100vw, 701px\" \/><\/figure>\n\n\n\n<p>El comunicador se desempe\u00f1\u00f3 un tiempo como conductor de noticieros de XHIJ TV Canal 44, despu\u00e9s ingres\u00f3 a noticieros de Univisi\u00f3n Canal 26, filial en El Paso de Univisi\u00f3n, y trabaj\u00f3 como vocero de la ciudad de Sunland Park, Nuevo M\u00e9xico, cargo que abandon\u00f3 para regresar a Ju\u00e1rez.<\/p>\n\n\n\n<p>Ten\u00eda poco tiempo de haber ingresado como conductor del horario nocturno estelar de Telediario en Ciudad Ju\u00e1rez.<\/p>\n\n\n\n<p>El fiscal general C\u00e9sar Augusto Peniche Espejel dijo que elementos de la Unidad Especializada en Investigaci\u00f3n de Delitos Contra la Vida Zona Norte trabajaban en coordinaci\u00f3n con la Fiscal\u00eda Especializada en Derechos Humanos, a trav\u00e9s de la Unidad de Protecci\u00f3n a Periodistas y Defensores de Derechos Humanos, para esclarecer el crimen.<\/p>\n\n\n\n<p>En el lugar del homicidio se aseguraron diversos casquillos percutidos, los cuales fueron embalados para su an\u00e1lisis en el departamento de Bal\u00edstica Forense. Al menos dos personas participaron en el ataque, asegur\u00f3 Peniche Espejel<\/p>\n\n\n\n<p>Diversos gremios de periodistas a nivel estatal y nacional, as\u00ed como organismos de derechos humanos, han demandado el esclarecimiento de este hecho.<\/p>\n","protected":false},"excerpt":{"rendered":"<p>Redacci\u00f3n\/Zona Roja Cdmx. Ciudad de M\u00e9xico, 31 de octubre de 2020.- A m\u00e1s de 36&hellip;<\/p>\n","protected":false},"author":2,"featured_media":19462,"comment_status":"closed","ping_status":"open","sticky":false,"template":"","format":"standard","meta":{"_lmt_disableupdate":"","_lmt_disable":"","_jetpack_memberships_contains_paid_content":false,"footnotes":""},"categories":[109,51],"tags":[2158],"class_list":["post-19460","post","type-post","status-publish","format-standard","has-post-thumbnail","hentry","category-minuto-a-minuto","category-zona-roja","tag-arturo-alba-medina"],"jetpack_featured_media_url":"https:\/\/zonaroja.com.mx\/wp-content\/uploads\/2020\/10\/Arturo-Alba-Medina.jpg","jetpack_sharing_enabled":true,"_links":{"self":[{"href":"https:\/\/zonaroja.com.mx\/index.php?rest_route=\/wp\/v2\/posts\/19460","targetHints":{"allow":["GET"]}}],"collection":[{"href":"https:\/\/zonaroja.com.mx\/index.php?rest_route=\/wp\/v2\/posts"}],"about":[{"href":"https:\/\/zonaroja.com.mx\/index.php?rest_route=\/wp\/v2\/types\/post"}],"author":[{"embeddable":true,"href":"https:\/\/zonaroja.com.mx\/index.php?rest_route=\/wp\/v2\/users\/2"}],"replies":[{"embeddable":true,"href":"https:\/\/zonaroja.com.mx\/index.php?rest_route=%2Fwp%2Fv2%2Fcomments&post=19460"}],"version-history":[{"count":1,"href":"https:\/\/zonaroja.com.mx\/index.php?rest_route=\/wp\/v2\/posts\/19460\/revisions"}],"predecessor-version":[{"id":19463,"href":"https:\/\/zonaroja.com.mx\/index.php?rest_route=\/wp\/v2\/posts\/19460\/revisions\/19463"}],"wp:featuredmedia":[{"embeddable":true,"href":"https:\/\/zonaroja.com.mx\/index.php?rest_route=\/wp\/v2\/media\/19462"}],"wp:attachment":[{"href":"https:\/\/zonaroja.com.mx\/index.php?rest_route=%2Fwp%2Fv2%2Fmedia&parent=19460"}],"wp:term":[{"taxonomy":"category","embeddable":true,"href":"https:\/\/zonaroja.com.mx\/index.php?rest_route=%2Fwp%2Fv2%2Fcategories&post=19460"},{"taxonomy":"post_tag","embeddable":true,"href":"https:\/\/zonaroja.com.mx\/index.php?rest_route=%2Fwp%2Fv2%2Ftags&post=19460"}],"curies":[{"name":"wp","href":"https:\/\/api.w.org\/{rel}","templated":true}]}}