{"id":19466,"date":"2020-10-31T08:43:05","date_gmt":"2020-10-31T14:43:05","guid":{"rendered":"http:\/\/www.zonaroja.com.mx\/?p=19466"},"modified":"2020-10-31T08:43:09","modified_gmt":"2020-10-31T14:43:09","slug":"matan-a-balazos-a-otra-mujer-en-oaxaca-van-cuatro-en-una-semana","status":"publish","type":"post","link":"https:\/\/zonaroja.com.mx\/?p=19466","title":{"rendered":"Matan a balazos a otra mujer en Oaxaca; van cuatro en una semana"},"content":{"rendered":"\n<p>Ismael Garc\u00eda M.\/Zona Roja.<\/p>\n\n\n\n<p>Oaxaca de Ju\u00e1rez, Oax., 31 de octubre de 2020.- Una mujer fue asesinada a balazos la madrugada de este s\u00e1bado, en Huajuapan de Le\u00f3n, horas despu\u00e9s de una marcha y protesta de colectivos feministas, por la creciente desaparici\u00f3n y asesinato de mujeres.<\/p>\n\n\n\n<p>Con este caso, suman cuatro probables feminicidios ocurridos en Oaxaca; el primero el 23 de octubre en Santa Mar\u00eda Mixtequilla; el d\u00eda 25 otro caso en la Villa de Zaachila y el d\u00eda 27, en Mat\u00edas Romero Avenda\u00f1o.<\/p>\n\n\n\n<p>En el caso de Huajuapan, la agresi\u00f3n armada ocurri\u00f3 en las primeras horas de hoy en la colonia Santa Teresa en contra de una femenina a\u00fan no identificada legalmente; fue trasladada a bordo de un veh\u00edculo a un hospital, sin embargo falleci\u00f3 en el camino, frente a una tienda de autoservicio.<\/p>\n\n\n\n<figure class=\"wp-block-embed-twitter wp-block-embed is-type-rich is-provider-twitter\"><div class=\"wp-block-embed__wrapper\">\n<div class=\"twitter-tweet\"><blockquote class=\"twitter-tweet\" data-lang=\"es\"><p lang=\"es\" dir=\"ltr\"><a href=\"https:\/\/twitter.com\/hashtag\/FeminicidiosEmergenciaNacional?src=hash&amp;ref_src=twsrc%5Etfw\">#FeminicidiosEmergenciaNacional<\/a> <br>\u201c\u00a1Se\u00f1or, se\u00f1ora, no sea indiferente!; \u00a1se mata a las mujeres en la cara de la gente!\u201d, as\u00ed fueron las exigencias durante la marcha de anoche en <a href=\"https:\/\/twitter.com\/hashtag\/Huajuapan?src=hash&amp;ref_src=twsrc%5Etfw\">#Huajuapan<\/a> de Le\u00f3n, ante la ola feminicida y desaparici\u00f3n de mujeres en <a href=\"https:\/\/twitter.com\/hashtag\/Oaxaca?src=hash&amp;ref_src=twsrc%5Etfw\">#Oaxaca<\/a>. <a href=\"https:\/\/t.co\/YR3a5xQIds\">pic.twitter.com\/YR3a5xQIds<\/a><\/p>&mdash; Zona Roja Oaxaca (@MexRoja) <a href=\"https:\/\/twitter.com\/MexRoja\/status\/1322530642933022720?ref_src=twsrc%5Etfw\">31 de octubre de 2020<\/a><\/blockquote><\/div>\n<\/div><\/figure>\n\n\n\n<p>Hasta el momento se desconoce el m\u00f3vil y la identidad de la mujer ultimada a balazos.<\/p>\n\n\n\n<p>Apenas ayer por la tarde y noche, colectivos feministas colocaron una ofrenda con motivo del D\u00eda de Muertos para las v\u00edctimas de la violencia, feminicidios y desapariciones, como el reciente caso de Zayra Leticia, que cumpli\u00f3 una semana sin ser localizada.<\/p>\n","protected":false},"excerpt":{"rendered":"<p>Ismael Garc\u00eda M.\/Zona Roja. Oaxaca de Ju\u00e1rez, Oax., 31 de octubre de 2020.- Una mujer&hellip;<\/p>\n","protected":false},"author":2,"featured_media":19467,"comment_status":"closed","ping_status":"open","sticky":false,"template":"","format":"standard","meta":{"_lmt_disableupdate":"","_lmt_disable":"","_jetpack_memberships_contains_paid_content":false,"footnotes":""},"categories":[109,51],"tags":[610,594],"class_list":["post-19466","post","type-post","status-publish","format-standard","has-post-thumbnail","hentry","category-minuto-a-minuto","category-zona-roja","tag-feminicidios-oaxaca","tag-huajuapan-de-leon"],"jetpack_featured_media_url":"https:\/\/zonaroja.com.mx\/wp-content\/uploads\/2020\/10\/Mujer-asesinada-Huajuapan-de-Leon.jpg","jetpack_sharing_enabled":true,"_links":{"self":[{"href":"https:\/\/zonaroja.com.mx\/index.php?rest_route=\/wp\/v2\/posts\/19466","targetHints":{"allow":["GET"]}}],"collection":[{"href":"https:\/\/zonaroja.com.mx\/index.php?rest_route=\/wp\/v2\/posts"}],"about":[{"href":"https:\/\/zonaroja.com.mx\/index.php?rest_route=\/wp\/v2\/types\/post"}],"author":[{"embeddable":true,"href":"https:\/\/zonaroja.com.mx\/index.php?rest_route=\/wp\/v2\/users\/2"}],"replies":[{"embeddable":true,"href":"https:\/\/zonaroja.com.mx\/index.php?rest_route=%2Fwp%2Fv2%2Fcomments&post=19466"}],"version-history":[{"count":1,"href":"https:\/\/zonaroja.com.mx\/index.php?rest_route=\/wp\/v2\/posts\/19466\/revisions"}],"predecessor-version":[{"id":19468,"href":"https:\/\/zonaroja.com.mx\/index.php?rest_route=\/wp\/v2\/posts\/19466\/revisions\/19468"}],"wp:featuredmedia":[{"embeddable":true,"href":"https:\/\/zonaroja.com.mx\/index.php?rest_route=\/wp\/v2\/media\/19467"}],"wp:attachment":[{"href":"https:\/\/zonaroja.com.mx\/index.php?rest_route=%2Fwp%2Fv2%2Fmedia&parent=19466"}],"wp:term":[{"taxonomy":"category","embeddable":true,"href":"https:\/\/zonaroja.com.mx\/index.php?rest_route=%2Fwp%2Fv2%2Fcategories&post=19466"},{"taxonomy":"post_tag","embeddable":true,"href":"https:\/\/zonaroja.com.mx\/index.php?rest_route=%2Fwp%2Fv2%2Ftags&post=19466"}],"curies":[{"name":"wp","href":"https:\/\/api.w.org\/{rel}","templated":true}]}}