{"id":19470,"date":"2020-10-31T11:57:42","date_gmt":"2020-10-31T17:57:42","guid":{"rendered":"https:\/\/www.zonaroja.com.mx\/?p=19470"},"modified":"2020-10-31T11:57:46","modified_gmt":"2020-10-31T17:57:46","slug":"rinde-congreso-local-homenaje-a-victimas-de-la-covid-19-en-oaxaca","status":"publish","type":"post","link":"https:\/\/zonaroja.com.mx\/?p=19470","title":{"rendered":"Rinde Congreso local homenaje a v\u00edctimas de la Covid-19 en Oaxaca"},"content":{"rendered":"\n<p>Redacci\u00f3n\/Zona Roja. <\/p>\n\n\n\n<p class=\"MsoNormal\">Oaxaca de Ju\u00e1rez, Oax. 31 de octubre de 2020.- Diputadas y diputados de la 64  Legislatura del Congreso local, rindieron un homenaje en memoria de las personas fallecidas en Oaxaca a causa de la Covid-19, mediante el acto denominado \u201cVivir tu ausencia\u201d.<\/p>\n\n\n\n<p class=\"MsoNormal\">El homenaje se llev\u00f3 a cabo en las instalaciones de la C\u00e1mara de Diputados locales y se trasmiti\u00f3 a trav\u00e9s de la p\u00e1gina de Facebook del Congreso Local:  <a href=\"https:\/\/www.facebook.com\/CongresoDelEstadoDeOaxaca\">https:\/\/www.facebook.com\/CongresoDelEstadoDeOaxaca<\/a> , <a href=\"\/\/2\">a las 19:00<\/a> horas de este 30 de octubre. <\/p>\n\n\n\n<p class=\"MsoNormal\">En su participaci\u00f3n, el presidente de la Junta de Coordinaci\u00f3n Pol\u00edtica (Jucopo) del Congreso, Horacio Sosa Villavicencio, dijo que la ofrenda se realiz\u00f3 para recordar a los seres queridos que se adelantaron a causa de la pandemia que afecta a todo el mundo, como se acostumbra en los pueblos y comunidades de Oaxaca: con pan, chocolate, flores y veladoras. <\/p>\n\n\n\n<p class=\"MsoNormal\">De igual forma, el diputado No\u00e9 Doroteo Castillejos, en su calidad de integrante de la Comisi\u00f3n Permanente de Cultura en esta Legislatura, se\u00f1al\u00f3 que el homenaje tuvo como objetivo hacer conciencia en la ciudadan\u00eda acerca de la dif\u00edcil situaci\u00f3n que representa la pandemia y la enorme responsabilidad que tiene cada uno en cuidarse y evitar contagios.&nbsp;<\/p>\n\n\n\n<p class=\"MsoNormal\">En ese sentido agradeci\u00f3 la participaci\u00f3n del Colegio de Bellas Artes de Oaxaca y la cantante, Rub\u00ed L\u00f3pez; as\u00ed como a los maestros Sergio Santamar\u00eda y Miguel \u00c1ngel Aja.&nbsp;<\/p>\n\n\n\n<p class=\"MsoNormal\">En tanto, la legisladora Elisa Zepeda Lagunas llam\u00f3 a la ciudadan\u00eda, a solidarizarse con las familias que han perdido a un ser querido a causa de la pandemia, a sumarse a las acciones de prevenci\u00f3n y evitar m\u00e1s p\u00e9rdidas humanas.<\/p>\n\n\n\n<p class=\"MsoNormal\">En este contexto, los diputados tambi\u00e9n reconocieron la labor del personal m\u00e9dico y hospitalario que, a lo largo de estos meses, han hecho frente a la pandemia por la Covid-19, salvando vidas.<\/p>\n\n\n\n<p class=\"MsoNormal\"><\/p>\n\n\n\n<figure class=\"wp-block-image\"><img decoding=\"async\" src=\"f_kgxysb251\" alt=\"\" \/><\/figure>\n\n\n\n<figure class=\"wp-block-image\"><img decoding=\"async\" src=\"f_kgxysb3k4\" alt=\"\" \/><\/figure>\n\n\n\n<figure class=\"wp-block-image\"><img decoding=\"async\" src=\"f_kgxysb363\" alt=\"\" \/><\/figure>\n","protected":false},"excerpt":{"rendered":"<p>Redacci\u00f3n\/Zona Roja. Oaxaca de Ju\u00e1rez, Oax. 31 de octubre de 2020.- Diputadas y diputados de&hellip;<\/p>\n","protected":false},"author":2,"featured_media":19469,"comment_status":"closed","ping_status":"open","sticky":false,"template":"","format":"standard","meta":{"_lmt_disableupdate":"","_lmt_disable":"","_jetpack_memberships_contains_paid_content":false,"footnotes":""},"categories":[109,47],"tags":[444],"class_list":["post-19470","post","type-post","status-publish","format-standard","has-post-thumbnail","hentry","category-minuto-a-minuto","category-zona-gris","tag-horacio-sosa-villavicencio"],"jetpack_featured_media_url":"https:\/\/zonaroja.com.mx\/wp-content\/uploads\/2020\/10\/b49d2838-3ee5-49a6-97e7-888898eaf4ec.jpg","jetpack_sharing_enabled":true,"_links":{"self":[{"href":"https:\/\/zonaroja.com.mx\/index.php?rest_route=\/wp\/v2\/posts\/19470","targetHints":{"allow":["GET"]}}],"collection":[{"href":"https:\/\/zonaroja.com.mx\/index.php?rest_route=\/wp\/v2\/posts"}],"about":[{"href":"https:\/\/zonaroja.com.mx\/index.php?rest_route=\/wp\/v2\/types\/post"}],"author":[{"embeddable":true,"href":"https:\/\/zonaroja.com.mx\/index.php?rest_route=\/wp\/v2\/users\/2"}],"replies":[{"embeddable":true,"href":"https:\/\/zonaroja.com.mx\/index.php?rest_route=%2Fwp%2Fv2%2Fcomments&post=19470"}],"version-history":[{"count":1,"href":"https:\/\/zonaroja.com.mx\/index.php?rest_route=\/wp\/v2\/posts\/19470\/revisions"}],"predecessor-version":[{"id":19471,"href":"https:\/\/zonaroja.com.mx\/index.php?rest_route=\/wp\/v2\/posts\/19470\/revisions\/19471"}],"wp:featuredmedia":[{"embeddable":true,"href":"https:\/\/zonaroja.com.mx\/index.php?rest_route=\/wp\/v2\/media\/19469"}],"wp:attachment":[{"href":"https:\/\/zonaroja.com.mx\/index.php?rest_route=%2Fwp%2Fv2%2Fmedia&parent=19470"}],"wp:term":[{"taxonomy":"category","embeddable":true,"href":"https:\/\/zonaroja.com.mx\/index.php?rest_route=%2Fwp%2Fv2%2Fcategories&post=19470"},{"taxonomy":"post_tag","embeddable":true,"href":"https:\/\/zonaroja.com.mx\/index.php?rest_route=%2Fwp%2Fv2%2Ftags&post=19470"}],"curies":[{"name":"wp","href":"https:\/\/api.w.org\/{rel}","templated":true}]}}