{"id":19472,"date":"2020-10-31T13:15:11","date_gmt":"2020-10-31T19:15:11","guid":{"rendered":"http:\/\/www.zonaroja.com.mx\/?p=19472"},"modified":"2020-10-31T13:15:15","modified_gmt":"2020-10-31T19:15:15","slug":"muere-el-llamado-obispo-de-los-pobres-arturo-lona-reyes","status":"publish","type":"post","link":"https:\/\/zonaroja.com.mx\/?p=19472","title":{"rendered":"Muere el llamado \u201cObispo de los pobres\u201d, Arturo Lona Reyes"},"content":{"rendered":"\n<p>Redacci\u00f3n\/Zona Roja.<\/p>\n\n\n\n<p>Oaxaca de Ju\u00e1rez, Oax., 31 de octubre de 2020.- A unas horas de cumplir 95 a\u00f1os de edad, este s\u00e1bado falleci\u00f3 el llamado \u201cObispo de los pobres\u201d, Arturo Lona Reyes, presuntamente v\u00edctima del Covid-19.<\/p>\n\n\n\n<p>El obispo em\u00e9rito de Tehuantepec naci\u00f3 en Aguascalientes el 1 de noviembre de 1925; fue ordenado sacerdote el 15 de agosto de 1952 y consagrado obispo de Tehuantepec el 15 de agosto de 1971.<\/p>\n\n\n\n<p>En el a\u00f1o 2001 renunci\u00f3 a ese cargo pero fue declarado obispo em\u00e9rito; permaneci\u00f3 en Santo Domingo Tehuantepec, donde fund\u00f3 el Centro de Derechos Humanos \u201cTepeyac\u201d.<\/p>\n\n\n\n<p>Asimismo, fue presidente de la Comisi\u00f3n Episcopal de Ind\u00edgenas; en el a\u00f1o 2008 fue reconocido con el Premio Nacional de Derechos Humanos \u00abDon Sergio M\u00e9ndez Arceo\u00bb<\/p>\n\n\n\n<p>Fue partidario de la Teolog\u00eda de la Liberaci\u00f3n y se distingui\u00f3 siempre por su lucha a favor de los pobres, desde la iglesia y desde las causas sociales.<\/p>\n\n\n\n<p>Desde hace aproximadamente 20 d\u00edas fue hospitalizado en una cl\u00ednica de Lagunas, comunidad del municipio de El Barrio La Soledad, en la regi\u00f3n del Istmo, y estaba en el \u00e1rea de aislados de Covid.<\/p>\n\n\n\n<p>Apenas ayer, el sacerdote Joaqu\u00edn Galv\u00e1n, encargado de salud sacerdotal de la Di\u00f3cesis de Tehuantepec, confirm\u00f3 que Lona Reyes fue positivo a Covid. Despu\u00e9s del mediod\u00eda de este s\u00e1bado, la iglesia Cat\u00f3lica confirm\u00f3 su fallecimiento.<\/p>\n","protected":false},"excerpt":{"rendered":"<p>Redacci\u00f3n\/Zona Roja. Oaxaca de Ju\u00e1rez, Oax., 31 de octubre de 2020.- A unas horas de&hellip;<\/p>\n","protected":false},"author":2,"featured_media":19473,"comment_status":"closed","ping_status":"open","sticky":false,"template":"","format":"standard","meta":{"_lmt_disableupdate":"","_lmt_disable":"","_jetpack_memberships_contains_paid_content":false,"footnotes":""},"categories":[109,47],"tags":[2126],"class_list":["post-19472","post","type-post","status-publish","format-standard","has-post-thumbnail","hentry","category-minuto-a-minuto","category-zona-gris","tag-arturo-lona-reyes"],"jetpack_featured_media_url":"https:\/\/zonaroja.com.mx\/wp-content\/uploads\/2020\/10\/Arturo-Lona-Reyes.jpg","jetpack_sharing_enabled":true,"_links":{"self":[{"href":"https:\/\/zonaroja.com.mx\/index.php?rest_route=\/wp\/v2\/posts\/19472","targetHints":{"allow":["GET"]}}],"collection":[{"href":"https:\/\/zonaroja.com.mx\/index.php?rest_route=\/wp\/v2\/posts"}],"about":[{"href":"https:\/\/zonaroja.com.mx\/index.php?rest_route=\/wp\/v2\/types\/post"}],"author":[{"embeddable":true,"href":"https:\/\/zonaroja.com.mx\/index.php?rest_route=\/wp\/v2\/users\/2"}],"replies":[{"embeddable":true,"href":"https:\/\/zonaroja.com.mx\/index.php?rest_route=%2Fwp%2Fv2%2Fcomments&post=19472"}],"version-history":[{"count":1,"href":"https:\/\/zonaroja.com.mx\/index.php?rest_route=\/wp\/v2\/posts\/19472\/revisions"}],"predecessor-version":[{"id":19474,"href":"https:\/\/zonaroja.com.mx\/index.php?rest_route=\/wp\/v2\/posts\/19472\/revisions\/19474"}],"wp:featuredmedia":[{"embeddable":true,"href":"https:\/\/zonaroja.com.mx\/index.php?rest_route=\/wp\/v2\/media\/19473"}],"wp:attachment":[{"href":"https:\/\/zonaroja.com.mx\/index.php?rest_route=%2Fwp%2Fv2%2Fmedia&parent=19472"}],"wp:term":[{"taxonomy":"category","embeddable":true,"href":"https:\/\/zonaroja.com.mx\/index.php?rest_route=%2Fwp%2Fv2%2Fcategories&post=19472"},{"taxonomy":"post_tag","embeddable":true,"href":"https:\/\/zonaroja.com.mx\/index.php?rest_route=%2Fwp%2Fv2%2Ftags&post=19472"}],"curies":[{"name":"wp","href":"https:\/\/api.w.org\/{rel}","templated":true}]}}