{"id":19476,"date":"2020-10-31T14:37:23","date_gmt":"2020-10-31T20:37:23","guid":{"rendered":"http:\/\/www.zonaroja.com.mx\/?p=19476"},"modified":"2020-10-31T14:37:27","modified_gmt":"2020-10-31T20:37:27","slug":"el-acceso-al-aborto-legal-sigue-siendo-una-demanda-feminista-en-oaxaca","status":"publish","type":"post","link":"https:\/\/zonaroja.com.mx\/?p=19476","title":{"rendered":"El acceso al aborto legal sigue siendo una demanda feminista en Oaxaca"},"content":{"rendered":"\n<p>Evlin Arag\u00f3n\/Zona Roja.<\/p>\n\n\n\n<p>Oaxaca de Ju\u00e1rez, Oax., 31 de octubre de 2020.- \u201cVivir la interrupci\u00f3n de un embarazo en la clandestinidad ha sido uno de los procesos m\u00e1s dif\u00edciles en mi vida, afortunadamente la persona que ten\u00eda como pareja en ese entonces estuvo conmigo en todo momento\u201d.<\/p>\n\n\n\n<p>Se trata del relato de una mujer que, como muchas otras, tuvo que realizar la practica sin el acompa\u00f1amiento de personal m\u00e9dico o redes de apoyo que pudieran atender cualquier complicaci\u00f3n que pusiera en riesgo su vida.<\/p>\n\n\n\n<p>La misma refiere que pese a la era digital, a\u00fan es dif\u00edcil contar con informaci\u00f3n adecuada, mientras que los m\u00e9dicos se aprovechan de la situaci\u00f3n para cobrar cifras sumamente elevadas por realizar los procedimientos ya se con medicamento o con alguna t\u00e9cnica m\u00e1s invasiva en el cuerpo.&nbsp;<\/p>\n\n\n\n<p>De ah\u00ed que la \u00fanica gu\u00eda para ella fue la experiencia de otra amiga que hab\u00eda pasado por la misma circunstancia, ambas con informaci\u00f3n a medias y sin saber las medidas de seguridad en caso de algo saliera mal.<\/p>\n\n\n\n<p>Por ello celebra que, con la despenalizaci\u00f3n del aborto en Oaxaca, exista la posibilidad de contar con mayor informaci\u00f3n respecto a los diferentes procedimientos que debe realizar el Estado, misma que evite que las j\u00f3venes principalmente pongan en riesgo sus vidas al momento de decidir interrumpir un embarazo no deseado.&nbsp;&nbsp;<\/p>\n\n\n\n<p>\u201cEl tema est\u00e1 empezando a alzar la voz y al hacerlo muchas historias ya no quedaran en el silencio. Lo ideal es que las instituciones brinden un servicio libre de prejuicios y de ideas religiosas que atenten contra la integridad de las mujeres\u201d, refiere en un video que forma parte de la campa\u00f1a denominada Acceso real al aborto legal.<\/p>\n\n\n\n<p>La interrupci\u00f3n del embarazo en Oaxaca es legal desde septiembre del 2019 cuando el Congreso local reform\u00f3 el C\u00f3digo Penal del Estado para despenalizar el aborto hasta las 12 semanas de gestaci\u00f3n, sin embargo, lo anterior no quiere decir que el acceso sea f\u00e1cil.&nbsp;<\/p>\n\n\n\n<p>Por ello, Consorcio Oaxaca realiz\u00f3 la campa\u00f1a de difusi\u00f3n para informar a las mujeres que el acceso al aborto es un derecho que ya pueden ejercer; asimismo, exigir a las autoridades de salud condiciones seguras para la aplicaci\u00f3n real de la interrupci\u00f3n legal.<\/p>\n\n\n\n<p>De acuerdo con la organizaci\u00f3n feminista, a\u00fan hace falta mucho por hacer para que el acceso al aborto legal sea una realidad por ello difundieron \u201cstickers\u201d para mensajer\u00eda instant\u00e1nea, compartieron v\u00eddeos dirigidos al personal m\u00e9dico para que se comprometen a brindar atenci\u00f3n libre de prejuicios a las mujeres cuando decidan abortar, as\u00ed como usaron las rutas de transporte p\u00fablico para difundir el mensaje. \u201cEl tema del aborto nos une a todas, pues s\u00ed somos feministas estamos por la despenalizaci\u00f3n\u2026 puede haber diferencias, pero que estuvi\u00e9ramos todas de acuerdo a pesar de las diferencias fue clave. Aqu\u00ed dijimos \u201cvamos juntas\u201d (\u2026) Como movimiento eso nos une, j\u00f3venes, viejas, de distintos partidos, independientes, eso nos une, y lo logramos. Y el triunfo es de todas\u201d, record\u00f3 Pilar Muriedas, de Consorcio.<\/p>\n","protected":false},"excerpt":{"rendered":"<p>Evlin Arag\u00f3n\/Zona Roja. Oaxaca de Ju\u00e1rez, Oax., 31 de octubre de 2020.- \u201cVivir la interrupci\u00f3n&hellip;<\/p>\n","protected":false},"author":2,"featured_media":18162,"comment_status":"closed","ping_status":"open","sticky":false,"template":"","format":"standard","meta":{"_lmt_disableupdate":"","_lmt_disable":"","_jetpack_memberships_contains_paid_content":false,"footnotes":""},"categories":[109,47],"tags":[741],"class_list":["post-19476","post","type-post","status-publish","format-standard","has-post-thumbnail","hentry","category-minuto-a-minuto","category-zona-gris","tag-aborto-en-oaxaca"],"jetpack_featured_media_url":"https:\/\/zonaroja.com.mx\/wp-content\/uploads\/2020\/09\/Aborto-legal-y-seguro-1.jpg","jetpack_sharing_enabled":true,"_links":{"self":[{"href":"https:\/\/zonaroja.com.mx\/index.php?rest_route=\/wp\/v2\/posts\/19476","targetHints":{"allow":["GET"]}}],"collection":[{"href":"https:\/\/zonaroja.com.mx\/index.php?rest_route=\/wp\/v2\/posts"}],"about":[{"href":"https:\/\/zonaroja.com.mx\/index.php?rest_route=\/wp\/v2\/types\/post"}],"author":[{"embeddable":true,"href":"https:\/\/zonaroja.com.mx\/index.php?rest_route=\/wp\/v2\/users\/2"}],"replies":[{"embeddable":true,"href":"https:\/\/zonaroja.com.mx\/index.php?rest_route=%2Fwp%2Fv2%2Fcomments&post=19476"}],"version-history":[{"count":1,"href":"https:\/\/zonaroja.com.mx\/index.php?rest_route=\/wp\/v2\/posts\/19476\/revisions"}],"predecessor-version":[{"id":19477,"href":"https:\/\/zonaroja.com.mx\/index.php?rest_route=\/wp\/v2\/posts\/19476\/revisions\/19477"}],"wp:featuredmedia":[{"embeddable":true,"href":"https:\/\/zonaroja.com.mx\/index.php?rest_route=\/wp\/v2\/media\/18162"}],"wp:attachment":[{"href":"https:\/\/zonaroja.com.mx\/index.php?rest_route=%2Fwp%2Fv2%2Fmedia&parent=19476"}],"wp:term":[{"taxonomy":"category","embeddable":true,"href":"https:\/\/zonaroja.com.mx\/index.php?rest_route=%2Fwp%2Fv2%2Fcategories&post=19476"},{"taxonomy":"post_tag","embeddable":true,"href":"https:\/\/zonaroja.com.mx\/index.php?rest_route=%2Fwp%2Fv2%2Ftags&post=19476"}],"curies":[{"name":"wp","href":"https:\/\/api.w.org\/{rel}","templated":true}]}}