{"id":19478,"date":"2020-10-31T16:39:19","date_gmt":"2020-10-31T22:39:19","guid":{"rendered":"http:\/\/www.zonaroja.com.mx\/?p=19478"},"modified":"2020-10-31T16:39:23","modified_gmt":"2020-10-31T22:39:23","slug":"comunidad-en-chimalapa-oaxaca-pide-ayuda-por-inundaciones","status":"publish","type":"post","link":"https:\/\/zonaroja.com.mx\/?p=19478","title":{"rendered":"Comunidad en Chimalapa, Oaxaca, pide ayuda por inundaciones"},"content":{"rendered":"\n<p>Yuridiana Sosa\/Zona Roja.<\/p>\n\n\n\n<p>Oaxaca de Ju\u00e1rez, Oax., 31 de octubre de 2020.- M\u00e1s de una veintena de viviendas de la comunidad de San Francisco La Paz, del municipio de Santa Mar\u00eda Chimalapa, resultaron inundadas por la fuerte lluvia que se gener\u00f3 este viernes en parte del Istmo de Tehuantepec.<\/p>\n\n\n\n<p>Las afectaciones fueron causadas por la intensidad de las precipitaciones que dej\u00f3 a su paso el Frente Fr\u00edo n\u00famero 9 en su interacci\u00f3n con la Onda Tropical n\u00famero 43.<\/p>\n\n\n\n<p>La autoridad auxiliar de San Francisco la Paz, Pablo de Dios Vicente, demand\u00f3 al Gobierno del Estado ayuda para la comunidad y emita de manera inmediata la de emergencia para apoyar a las familias.<\/p>\n\n\n\n<p>En algunos puntos, el agua de lluvia dentro de las viviendas alcanz\u00f3 el medio metro, lo que ocasion\u00f3 que la mayor\u00eda de las pertenencias se da\u00f1aran.<\/p>\n\n\n\n<figure class=\"wp-block-embed-twitter wp-block-embed is-type-rich is-provider-twitter\"><div class=\"wp-block-embed__wrapper\">\n<div class=\"twitter-tweet\"><blockquote class=\"twitter-tweet\" data-lang=\"es\"><p lang=\"es\" dir=\"ltr\"><a href=\"https:\/\/twitter.com\/hashtag\/%C3%9AltimaHora?src=hash&amp;ref_src=twsrc%5Etfw\">#\u00daltimaHora<\/a> <br>Reportan que damnificados de la comunidad de San Francisco La Paz, Santa Mar\u00eda <a href=\"https:\/\/twitter.com\/hashtag\/Chimalapa?src=hash&amp;ref_src=twsrc%5Etfw\">#Chimalapa<\/a>, <a href=\"https:\/\/twitter.com\/hashtag\/Oaxaca?src=hash&amp;ref_src=twsrc%5Etfw\">#Oaxaca<\/a>, solicitan Declaratoria de Emergencia por inundaciones a causa de las lluvias. A\u00fan no llega la <a href=\"https:\/\/twitter.com\/CEPCO_GobOax?ref_src=twsrc%5Etfw\">@CEPCO_GobOax<\/a>. <br>Video: Cortes\u00eda <a href=\"https:\/\/t.co\/WeAO8sEiTD\">pic.twitter.com\/WeAO8sEiTD<\/a><\/p>&mdash; Zona Roja Oaxaca (@MexRoja) <a href=\"https:\/\/twitter.com\/MexRoja\/status\/1322591189552553987?ref_src=twsrc%5Etfw\">31 de octubre de 2020<\/a><\/blockquote><\/div>\n<\/div><\/figure>\n\n\n\n<p>Mientras la precipitaci\u00f3n pluvial continuaba, otros habitantes siguieron con labores para desalojar sus viviendas y tratar de poner a salgo sus art\u00edculos.<\/p>\n\n\n\n<p>Esta es la segunda ocasi\u00f3n en el a\u00f1o en que esta poblaci\u00f3n ind\u00edgena de la zona de los chimalapas sufre de afectaciones por lluvias.<\/p>\n\n\n\n<p>Apenas en febrero de este a\u00f1o, la comunidad tambi\u00e9n present\u00f3 inundaciones por lluvias luego des desbordamiento del r\u00edo \u201cUxpanapa\u201d. En aquella ocasi\u00f3n aneg\u00f3 cultivos de ma\u00edz, frijol, pl\u00e1tano y yuca.<\/p>\n","protected":false},"excerpt":{"rendered":"<p>Yuridiana Sosa\/Zona Roja. Oaxaca de Ju\u00e1rez, Oax., 31 de octubre de 2020.- M\u00e1s de una&hellip;<\/p>\n","protected":false},"author":2,"featured_media":19479,"comment_status":"closed","ping_status":"open","sticky":false,"template":"","format":"standard","meta":{"_lmt_disableupdate":"","_lmt_disable":"","_jetpack_memberships_contains_paid_content":false,"footnotes":""},"categories":[109,47],"tags":[1226],"class_list":["post-19478","post","type-post","status-publish","format-standard","has-post-thumbnail","hentry","category-minuto-a-minuto","category-zona-gris","tag-santa-maria-chimalapa-2"],"jetpack_featured_media_url":"https:\/\/zonaroja.com.mx\/wp-content\/uploads\/2020\/10\/Inundacion-Chimalapa.jpg","jetpack_sharing_enabled":true,"_links":{"self":[{"href":"https:\/\/zonaroja.com.mx\/index.php?rest_route=\/wp\/v2\/posts\/19478","targetHints":{"allow":["GET"]}}],"collection":[{"href":"https:\/\/zonaroja.com.mx\/index.php?rest_route=\/wp\/v2\/posts"}],"about":[{"href":"https:\/\/zonaroja.com.mx\/index.php?rest_route=\/wp\/v2\/types\/post"}],"author":[{"embeddable":true,"href":"https:\/\/zonaroja.com.mx\/index.php?rest_route=\/wp\/v2\/users\/2"}],"replies":[{"embeddable":true,"href":"https:\/\/zonaroja.com.mx\/index.php?rest_route=%2Fwp%2Fv2%2Fcomments&post=19478"}],"version-history":[{"count":1,"href":"https:\/\/zonaroja.com.mx\/index.php?rest_route=\/wp\/v2\/posts\/19478\/revisions"}],"predecessor-version":[{"id":19480,"href":"https:\/\/zonaroja.com.mx\/index.php?rest_route=\/wp\/v2\/posts\/19478\/revisions\/19480"}],"wp:featuredmedia":[{"embeddable":true,"href":"https:\/\/zonaroja.com.mx\/index.php?rest_route=\/wp\/v2\/media\/19479"}],"wp:attachment":[{"href":"https:\/\/zonaroja.com.mx\/index.php?rest_route=%2Fwp%2Fv2%2Fmedia&parent=19478"}],"wp:term":[{"taxonomy":"category","embeddable":true,"href":"https:\/\/zonaroja.com.mx\/index.php?rest_route=%2Fwp%2Fv2%2Fcategories&post=19478"},{"taxonomy":"post_tag","embeddable":true,"href":"https:\/\/zonaroja.com.mx\/index.php?rest_route=%2Fwp%2Fv2%2Ftags&post=19478"}],"curies":[{"name":"wp","href":"https:\/\/api.w.org\/{rel}","templated":true}]}}