{"id":19481,"date":"2020-10-31T18:44:53","date_gmt":"2020-11-01T00:44:53","guid":{"rendered":"http:\/\/www.zonaroja.com.mx\/?p=19481"},"modified":"2020-10-31T18:44:57","modified_gmt":"2020-11-01T00:44:57","slug":"interviene-la-cndh-en-conflicto-triqui-pide-investigar-crimen","status":"publish","type":"post","link":"https:\/\/zonaroja.com.mx\/?p=19481","title":{"rendered":"Interviene la CNDH en conflicto triqui; pide investigar crimen"},"content":{"rendered":"\n<p>Redacci\u00f3n\/Zona Roja. Foto: Archivo<\/p>\n\n\n\n<p>Oaxaca de Ju\u00e1rez, Oax., 31 de octubre de 2020.- Tras el asesinato de un ind\u00edgena triqui y el conflicto entre varias organizaciones de la regi\u00f3n Mixteca de Oaxaca, la Comisi\u00f3n Nacional de Derechos Humanos exhort\u00f3 al gobierno de Oaxaca a atender la problem\u00e1tica.<\/p>\n\n\n\n<p>Fue el pasado 13 de octubre en que Epifanio de Jes\u00fas Mart\u00ednez fue agredido a balazos, en la comunidad de El Diamante, Santiago Juxtlahuaca, tras lo cual fue trasladado al hospital del IMSS; sin embargo, por la gravedad de las heridas, perdi\u00f3 la vida el d\u00eda 15.<\/p>\n\n\n\n<p>Desde esa fecha y hasta el pasado jueves, las organizaciones Uni\u00f3n de Bienestar Social de la Regi\u00f3n Triqui (Ubisort) y Movimiento de Unificaci\u00f3n y Lucha Triqui Independiente (MULTI), culparon al MULT del asesinato y bloquearon vialidades en la zona.<\/p>\n\n\n\n<p>Ante ello, la CNDH demand\u00f3 al gobernador Alejandro Murat Hinojosa esclarecer el asesinato, a trav\u00e9s de la Fiscal\u00eda General del Estado.<\/p>\n\n\n\n<p>De la misma manera, le pidi\u00f3 garantizar procuraci\u00f3n y administraci\u00f3n de justicia plena, as\u00ed como privilegiar el di\u00e1logo para la paz con los pueblos y comunidades triquis.<\/p>\n\n\n\n<p>El \u00f3rgano recalc\u00f3 que de acuerdo con el art\u00edculo 1\u00ba de la Constituci\u00f3n Mexicana, todas las autoridades, sin excepci\u00f3n y en cualquier orden de gobierno, en el \u00e1mbito de sus respectivas competencias, tienen el deber jur\u00eddico de promover, respetar, proteger y garantizar los derechos humanos, conforme a los principios de universalidad, interdependencia, indivisibilidad y progresividad.<\/p>\n\n\n\n<p>En consecuencia, el Estado debe prevenir, investigar, sancionar y reparar las violaciones a estos derechos, en los t\u00e9rminos que establezca la ley.<\/p>\n\n\n\n<p>El Movimiento de Unificaci\u00f3n y Lucha Triqui por su parte, ha desmentido que uno de sus militantes sea autor del asesinato; para exigir intervenci\u00f3n de las autoridades, el martes 27 de octubre, su dirigente Rogelio Pensamientos se instal\u00f3 en huelga de hambre en la Alameda de Le\u00f3n, mismo que retir\u00f3 el d\u00eda jueves, para trasladar la protesta a la Ciudad de M\u00e9xico.<\/p>\n","protected":false},"excerpt":{"rendered":"<p>Redacci\u00f3n\/Zona Roja. Foto: Archivo Oaxaca de Ju\u00e1rez, Oax., 31 de octubre de 2020.- Tras el&hellip;<\/p>\n","protected":false},"author":2,"featured_media":5844,"comment_status":"closed","ping_status":"open","sticky":false,"template":"","format":"standard","meta":{"_lmt_disableupdate":"","_lmt_disable":"","_jetpack_memberships_contains_paid_content":false,"footnotes":""},"categories":[109,47],"tags":[732],"class_list":["post-19481","post","type-post","status-publish","format-standard","has-post-thumbnail","hentry","category-minuto-a-minuto","category-zona-gris","tag-movimiento-de-unificacion-y-lucha-triqui"],"jetpack_featured_media_url":"https:\/\/zonaroja.com.mx\/wp-content\/uploads\/2019\/11\/Triquis.jpg","jetpack_sharing_enabled":true,"_links":{"self":[{"href":"https:\/\/zonaroja.com.mx\/index.php?rest_route=\/wp\/v2\/posts\/19481","targetHints":{"allow":["GET"]}}],"collection":[{"href":"https:\/\/zonaroja.com.mx\/index.php?rest_route=\/wp\/v2\/posts"}],"about":[{"href":"https:\/\/zonaroja.com.mx\/index.php?rest_route=\/wp\/v2\/types\/post"}],"author":[{"embeddable":true,"href":"https:\/\/zonaroja.com.mx\/index.php?rest_route=\/wp\/v2\/users\/2"}],"replies":[{"embeddable":true,"href":"https:\/\/zonaroja.com.mx\/index.php?rest_route=%2Fwp%2Fv2%2Fcomments&post=19481"}],"version-history":[{"count":1,"href":"https:\/\/zonaroja.com.mx\/index.php?rest_route=\/wp\/v2\/posts\/19481\/revisions"}],"predecessor-version":[{"id":19482,"href":"https:\/\/zonaroja.com.mx\/index.php?rest_route=\/wp\/v2\/posts\/19481\/revisions\/19482"}],"wp:featuredmedia":[{"embeddable":true,"href":"https:\/\/zonaroja.com.mx\/index.php?rest_route=\/wp\/v2\/media\/5844"}],"wp:attachment":[{"href":"https:\/\/zonaroja.com.mx\/index.php?rest_route=%2Fwp%2Fv2%2Fmedia&parent=19481"}],"wp:term":[{"taxonomy":"category","embeddable":true,"href":"https:\/\/zonaroja.com.mx\/index.php?rest_route=%2Fwp%2Fv2%2Fcategories&post=19481"},{"taxonomy":"post_tag","embeddable":true,"href":"https:\/\/zonaroja.com.mx\/index.php?rest_route=%2Fwp%2Fv2%2Ftags&post=19481"}],"curies":[{"name":"wp","href":"https:\/\/api.w.org\/{rel}","templated":true}]}}