{"id":19487,"date":"2020-10-31T20:22:36","date_gmt":"2020-11-01T02:22:36","guid":{"rendered":"http:\/\/www.zonaroja.com.mx\/?p=19487"},"modified":"2020-10-31T20:22:40","modified_gmt":"2020-11-01T02:22:40","slug":"de-nuevo-inspectores-del-ayuntamiento-de-oaxaca-se-van-contra-adulto-mayor-comerciante","status":"publish","type":"post","link":"https:\/\/zonaroja.com.mx\/?p=19487","title":{"rendered":"De nuevo, inspectores del ayuntamiento de Oaxaca se van contra adulto mayor comerciante"},"content":{"rendered":"\n<p>Yuridiana Sosa\/Zona Roja.<\/p>\n\n\n\n<p>Oaxaca de Ju\u00e1rez, Oax., 31 de octubre de 2020.-&nbsp; Sin ninguna muestra de sensibilidad y humanidad, inspectores de comercio del Ayuntamiento de Oaxaca de Ju\u00e1rez obligaron a una persona adulta mayor a retirar su venta de la v\u00eda p\u00fablica.<\/p>\n\n\n\n<p>El hecho fue exhibido en redes sociales por varios ciudadanos que grabaron la situaci\u00f3n en la que dos servidores p\u00fablicos municipales no mostraron compasi\u00f3n por el trabajo del anciano, quien era la primera vez que se instalaba.<\/p>\n\n\n\n<p>Las personas que pasaron por el lugar trataron de interceder y defender la venta del adulto mayor, quien, con dificultades para desplazarse, con el uso de un bast\u00f3n, arrib\u00f3 al lugar para instalarse sobre la banqueta para ofrecer artesan\u00edas de madera.<\/p>\n\n\n\n<p>\u201cUstedes como tienen un salario\u201d, \u201cd\u00e9jenlo trabajar\u201d, \u201c\u00bfQu\u00e9 quieren, que la gente robe? Si no los dejan trabajar\u201d, fueron algunos de los reclamos que las personas que se acercaron al lugar realizaron contra los inspectores, a quienes tambi\u00e9n les pidieron retirar a los vendedores integrantes de las organizaciones que realmente afectan la v\u00eda p\u00fablica.<\/p>\n\n\n\n<p>Una de las testigos exigi\u00f3 al presidente municipal Oswaldo Garc\u00eda Jarqu\u00edn criterio para la aplicaci\u00f3n de este tipo de acciones contra los grupos m\u00e1s vulnerables. Pues, adem\u00e1s que no reciben ning\u00fan tipo de apoyo para sobrepasar la contingencia por Covid en sus hogares, tampoco los dejan trabajar.<\/p>\n\n\n\n<figure class=\"wp-block-embed-twitter wp-block-embed is-type-rich is-provider-twitter\"><div class=\"wp-block-embed__wrapper\">\n<div class=\"twitter-tweet\"><blockquote class=\"twitter-tweet\" data-lang=\"es\"><p lang=\"es\" dir=\"ltr\"><a href=\"https:\/\/twitter.com\/hashtag\/%C3%9AltimoMinuto?src=hash&amp;ref_src=twsrc%5Etfw\">#\u00daltimoMinuto<\/a> <br>Y el <a href=\"https:\/\/twitter.com\/MunicipioOaxaca?ref_src=twsrc%5Etfw\">@MunicipioOaxaca<\/a> que preside <a href=\"https:\/\/twitter.com\/oswaldogarciaj?ref_src=twsrc%5Etfw\">@oswaldogarciaj<\/a> la vuelve a hacer. Inspectores retiran a una persona de la tercera edad, con problemas f\u00edsicos, que vend\u00eda productos en la calle; ciudadanos reclaman por qu\u00e9 no hacen lo mismo con quienes invaden z\u00f3calo y Palacio. <a href=\"https:\/\/t.co\/aEnYKKK5oX\">pic.twitter.com\/aEnYKKK5oX<\/a><\/p>&mdash; Zona Roja Oaxaca (@MexRoja) <a href=\"https:\/\/twitter.com\/MexRoja\/status\/1322644319015194624?ref_src=twsrc%5Etfw\">31 de octubre de 2020<\/a><\/blockquote><\/div>\n<\/div><\/figure>\n\n\n\n<p>Pero la insensibilidad de los inspectores fue mayor y no se retiraron del lugar hasta no constatar que el hombre se quitara.<\/p>\n\n\n\n<p>Apenas la semana pasada los empleados del ayuntamiento se fueron contra un adulto de 83 a\u00f1os de edad, quien vend\u00eda sillas de madera en las inmediaciones de la Alameda de Le\u00f3n de Oaxaca; pero en esa ocasi\u00f3n se llevaron su mercanc\u00eda.<\/p>\n\n\n\n<p>Mientras que el pasado 15 de octubre, de forma violenta arrebataron mercanc\u00eda a las mujeres ind\u00edgenas triquis que se instalaron en e l z\u00f3calo de la capital.<\/p>\n\n\n\n<p>Por estos hechos el ayuntamiento no ha emitido posicionamientos o dado a conocer alg\u00fan tipo de sanci\u00f3n por el abuso de autoridad de sus trabajadores. Por el contrario, respald\u00f3 a sus inspectores.<\/p>\n","protected":false},"excerpt":{"rendered":"<p>Yuridiana Sosa\/Zona Roja. Oaxaca de Ju\u00e1rez, Oax., 31 de octubre de 2020.-&nbsp; Sin ninguna muestra&hellip;<\/p>\n","protected":false},"author":2,"featured_media":19488,"comment_status":"closed","ping_status":"open","sticky":false,"template":"","format":"standard","meta":{"_lmt_disableupdate":"","_lmt_disable":"","_jetpack_memberships_contains_paid_content":false,"footnotes":""},"categories":[109,47],"tags":[148],"class_list":["post-19487","post","type-post","status-publish","format-standard","has-post-thumbnail","hentry","category-minuto-a-minuto","category-zona-gris","tag-oaxaca-de-juarez"],"jetpack_featured_media_url":"https:\/\/zonaroja.com.mx\/wp-content\/uploads\/2020\/10\/Ambulante-retirado-capital.jpg","jetpack_sharing_enabled":true,"_links":{"self":[{"href":"https:\/\/zonaroja.com.mx\/index.php?rest_route=\/wp\/v2\/posts\/19487","targetHints":{"allow":["GET"]}}],"collection":[{"href":"https:\/\/zonaroja.com.mx\/index.php?rest_route=\/wp\/v2\/posts"}],"about":[{"href":"https:\/\/zonaroja.com.mx\/index.php?rest_route=\/wp\/v2\/types\/post"}],"author":[{"embeddable":true,"href":"https:\/\/zonaroja.com.mx\/index.php?rest_route=\/wp\/v2\/users\/2"}],"replies":[{"embeddable":true,"href":"https:\/\/zonaroja.com.mx\/index.php?rest_route=%2Fwp%2Fv2%2Fcomments&post=19487"}],"version-history":[{"count":1,"href":"https:\/\/zonaroja.com.mx\/index.php?rest_route=\/wp\/v2\/posts\/19487\/revisions"}],"predecessor-version":[{"id":19489,"href":"https:\/\/zonaroja.com.mx\/index.php?rest_route=\/wp\/v2\/posts\/19487\/revisions\/19489"}],"wp:featuredmedia":[{"embeddable":true,"href":"https:\/\/zonaroja.com.mx\/index.php?rest_route=\/wp\/v2\/media\/19488"}],"wp:attachment":[{"href":"https:\/\/zonaroja.com.mx\/index.php?rest_route=%2Fwp%2Fv2%2Fmedia&parent=19487"}],"wp:term":[{"taxonomy":"category","embeddable":true,"href":"https:\/\/zonaroja.com.mx\/index.php?rest_route=%2Fwp%2Fv2%2Fcategories&post=19487"},{"taxonomy":"post_tag","embeddable":true,"href":"https:\/\/zonaroja.com.mx\/index.php?rest_route=%2Fwp%2Fv2%2Ftags&post=19487"}],"curies":[{"name":"wp","href":"https:\/\/api.w.org\/{rel}","templated":true}]}}