{"id":19490,"date":"2020-10-31T20:46:20","date_gmt":"2020-11-01T02:46:20","guid":{"rendered":"http:\/\/www.zonaroja.com.mx\/?p=19490"},"modified":"2020-10-31T20:46:25","modified_gmt":"2020-11-01T02:46:25","slug":"sabia-que-en-oaxaca-hay-un-panteon-que-tiene-una-capilla-colonial-en-su-interior","status":"publish","type":"post","link":"https:\/\/zonaroja.com.mx\/?p=19490","title":{"rendered":"\u00bfSab\u00eda que en Oaxaca hay un pante\u00f3n que tiene una capilla colonial en su interior?"},"content":{"rendered":"\n<p>Evlin Arag\u00f3n\/Zona Roja.<\/p>\n\n\n\n<p>Santa Cruz Xoxocotl\u00e1n, Oax., 31 de octubre de 2020.- Con tumbas que datan del siglo XIX, el antiguo pante\u00f3n de Santa Cruz Xoxocotl\u00e1n se resiste al olvido, pese al paso del tiempo.<\/p>\n\n\n\n<p>Es tambi\u00e9n el \u00fanico camposanto de Oaxaca que tiene una capilla colonial en su interior, que est\u00e1 siendo actualmente restaurada.<\/p>\n\n\n\n<p>La poblaci\u00f3n de este municipio conurbado a la capital, hasta antes de la pandemia, acud\u00eda en gran cantidad durante esta temporada de D\u00eda de Muertos a llenar de vida el espacio con flores cempas\u00fachil y cientos de velas.<\/p>\n\n\n\n<p>Hoy inevitablemente y debido a la contingencia sanitaria, la presencia de las y los xoxe\u00f1os es m\u00e1s reducida y s\u00f3lo ser\u00e1 permitida previo a las festividades de Todos Santos, las cuales distinguen a la localidad y este a\u00f1o fueron suspendidas por la autoridad municipal para evitar que sea un riesgo de contagio por Covid-19.&nbsp;<\/p>\n\n\n\n<p>En su interior se encuentra ubicada una capilla antigua dedicada a San Sebasti\u00e1n M\u00e1rtir, edificada en 1684 de acuerdo con la propia fecha grabada en su exterior y que se convirti\u00f3 en la primera ubicada en el municipio, su antig\u00fcedad le ha dado el estatus de patrimonio hist\u00f3rico por parte del Instituto Nacional de Antropolog\u00eda e Historia (INAH).&nbsp;<\/p>\n\n\n\n<p>As\u00ed lo dio a conocer la arquitecta Patricia Mu\u00f1oz Garc\u00eda, supervisora de la rehabilitaci\u00f3n de la capilla, quien detall\u00f3 que son los muros que se intervienen de primera cuenta con recursos del extinto Fonden, para despu\u00e9s iniciar con los trabajos de restauraci\u00f3n en la fachada.&nbsp;<\/p>\n\n\n\n<p>La importancia de la capilla es que fue la primera edificada en el municipio, lugar en donde se sabe se realiz\u00f3 importante labor a favor de la poblaci\u00f3n, a quienes se dice ense\u00f1\u00f3 a leer y escribir, de ah\u00ed que los sacerdotes fueran muy queridos e incluso algunos sepultados en el lugar.&nbsp;<\/p>\n\n\n\n<p>Tanto la capilla como las tumbas son hist\u00f3ricas en el lugar; en la fachada del espacio religioso se ubica la imagen de San Sebasti\u00e1n M\u00e1rtir, antiguo santo patr\u00f3n de la localidad, la cual evidentemente tendr\u00e1 que ser restaurada por los da\u00f1os que presenta en la actualidad.&nbsp;&nbsp;<\/p>\n\n\n\n<p>Pese a que el pante\u00f3n ya no cuenta con espacios disponibles, la poblaci\u00f3n mantiene la tradici\u00f3n de visitar a sus difuntos y colocar ofrendas de la caracter\u00edstica flor de cempas\u00fachil la cual parad\u00f3jicamente devuelve la vida al lugar, as\u00ed como ubicar las luces que alumbran el camino de los fieles difuntos.<\/p>\n\n\n\n<figure class=\"wp-block-embed-twitter wp-block-embed is-type-rich is-provider-twitter\"><div class=\"wp-block-embed__wrapper\">\n<div class=\"twitter-tweet\"><blockquote class=\"twitter-tweet\" data-lang=\"es\"><p lang=\"es\" dir=\"ltr\"><a href=\"https:\/\/twitter.com\/hashtag\/D%C3%ADaDeMuertos?src=hash&amp;ref_src=twsrc%5Etfw\">#D\u00edaDeMuertos<\/a><br>(1) \u00bfSab\u00eda que en el pante\u00f3n antiguo de Santa Cruz <a href=\"https:\/\/twitter.com\/hashtag\/Xoxocotl%C3%A1n?src=hash&amp;ref_src=twsrc%5Etfw\">#Xoxocotl\u00e1n<\/a>, <a href=\"https:\/\/twitter.com\/hashtag\/Oaxaca?src=hash&amp;ref_src=twsrc%5Etfw\">#Oaxaca<\/a>, hay una capilla colonial, que est\u00e1 siendo restaurada? Aqu\u00ed algunos detalles. <a href=\"https:\/\/t.co\/JCV4SaOcog\">pic.twitter.com\/JCV4SaOcog<\/a><\/p>&mdash; Zona Roja Oaxaca (@MexRoja) <a href=\"https:\/\/twitter.com\/MexRoja\/status\/1322728988834328576?ref_src=twsrc%5Etfw\">1 de noviembre de 2020<\/a><\/blockquote><\/div>\n<\/div><\/figure>\n\n\n\n<p>LAMENTAN SUSPENSI\u00d3N<\/p>\n\n\n\n<p>Pobladores del lugar lamentaron la prohibici\u00f3n de asistir al camposanto durante este s\u00e1bado 31 de noviembre, d\u00eda en el que de acuerdo con la tradici\u00f3n, se acompa\u00f1a durante toda la noche a sus difuntos que regresan por \u00fanica ocasi\u00f3n al a\u00f1o para volver a estar juntos.&nbsp;&nbsp;<\/p>\n\n\n\n<p>Don \u00c1ngel recuerda que a\u00f1o con a\u00f1o las familias enteras se un\u00edan para recibir con flores, velas y m\u00fasica a sus fieles difuntos. Durante toda la noche asist\u00eda con su familia para convivir con su padre y abuelo enterrado en dicho pante\u00f3n. \u201cVen\u00edamos a\u00f1o con a\u00f1o, venia la familia completa. Este a\u00f1o ser\u00e1 distinto por la pandemia\u201d.<\/p>\n\n\n\n<p>Por ello se adelanta y antes que se cierren los cementerios, por mandato de las autoridades, se apresura a limpiar y adornar las tumbas de sus familiares, a quienes ahora esperaran desde casa tratando de conservar la tradici\u00f3n con todo y las complicaciones que vive el mundo en estos momentos.&nbsp;<\/p>\n\n\n\n<p>Tambi\u00e9n recuerda que previamente la festividad inclu\u00eda misa en el pante\u00f3n y cantos en la capilla de San Sebasti\u00e1n M\u00e1rtir, la cual lamenta que se encuentre tan da\u00f1ada por la actividad s\u00edsmica en la entidad&nbsp;&nbsp;&nbsp;<\/p>\n\n\n\n<p>\u201cCon eso de la pandemia ya no es posible estar aqu\u00ed. No podremos velar a nuestros difuntos, sobre todo porque ven\u00eda mucho turismo el cual tampoco pueden venir este a\u00f1o por la misma situaci\u00f3n\u201d, refiere.<\/p>\n\n\n\n<p>De acuerdo con la tradici\u00f3n en Xoxocotl\u00e1n, y en buen parte de la zona conurbada, el d\u00eda primero de noviembre la celebraci\u00f3n se traslada a la casa, en donde el altar puesto previamente debe incluir el almuerzo y la comida que m\u00e1s les gustaba en vida a sus difuntos, y se convive en familia para celebrar su estancia.<\/p>\n\n\n\n<p>Mientras que el 2 de noviembre est\u00e1 destinado para la visita de las y los turistas locales, nacionales y extranjeros, quien en a\u00f1os anteriores abarrotaban las calles del municipio para ser parte de una de las tradiciones m\u00e1s arraigadas en todo el territorio oaxaque\u00f1o y que este a\u00f1o inevitablemente se ha visto afectada por la pandemia.\u00a0\u00a0<\/p>\n\n\n\n<figure class=\"wp-block-embed-twitter wp-block-embed is-type-rich is-provider-twitter\"><div class=\"wp-block-embed__wrapper\">\n<div class=\"twitter-tweet\"><blockquote class=\"twitter-tweet\" data-lang=\"es\"><p lang=\"es\" dir=\"ltr\"><a href=\"https:\/\/twitter.com\/hashtag\/D%C3%ADaDeMuertos?src=hash&amp;ref_src=twsrc%5Etfw\">#D\u00edaDeMuertos<\/a><br>(2) Xoxocotl\u00e1n es uno de los sitios m\u00e1s emblem\u00e1ticos por las veladas a los muertos en el pante\u00f3n, este 31 de octubre; ayer, solamente permitieron colocaci\u00f3n de flores, porque no habr\u00e1 acto masivo ante la pandemia. <a href=\"https:\/\/t.co\/sE2peWuiIT\">pic.twitter.com\/sE2peWuiIT<\/a><\/p>&mdash; Zona Roja Oaxaca (@MexRoja) <a href=\"https:\/\/twitter.com\/MexRoja\/status\/1322730570628046848?ref_src=twsrc%5Etfw\">1 de noviembre de 2020<\/a><\/blockquote><\/div>\n<\/div><\/figure>\n","protected":false},"excerpt":{"rendered":"<p>Evlin Arag\u00f3n\/Zona Roja. Santa Cruz Xoxocotl\u00e1n, Oax., 31 de octubre de 2020.- Con tumbas que&hellip;<\/p>\n","protected":false},"author":2,"featured_media":19491,"comment_status":"closed","ping_status":"open","sticky":false,"template":"","format":"standard","meta":{"_lmt_disableupdate":"","_lmt_disable":"","_jetpack_memberships_contains_paid_content":false,"footnotes":""},"categories":[109,47],"tags":[133],"class_list":["post-19490","post","type-post","status-publish","format-standard","has-post-thumbnail","hentry","category-minuto-a-minuto","category-zona-gris","tag-santa-cruz-xoxocotlan"],"jetpack_featured_media_url":"https:\/\/zonaroja.com.mx\/wp-content\/uploads\/2020\/10\/Capilla-panteon-Xoxocotlan.jpg","jetpack_sharing_enabled":true,"_links":{"self":[{"href":"https:\/\/zonaroja.com.mx\/index.php?rest_route=\/wp\/v2\/posts\/19490","targetHints":{"allow":["GET"]}}],"collection":[{"href":"https:\/\/zonaroja.com.mx\/index.php?rest_route=\/wp\/v2\/posts"}],"about":[{"href":"https:\/\/zonaroja.com.mx\/index.php?rest_route=\/wp\/v2\/types\/post"}],"author":[{"embeddable":true,"href":"https:\/\/zonaroja.com.mx\/index.php?rest_route=\/wp\/v2\/users\/2"}],"replies":[{"embeddable":true,"href":"https:\/\/zonaroja.com.mx\/index.php?rest_route=%2Fwp%2Fv2%2Fcomments&post=19490"}],"version-history":[{"count":1,"href":"https:\/\/zonaroja.com.mx\/index.php?rest_route=\/wp\/v2\/posts\/19490\/revisions"}],"predecessor-version":[{"id":19492,"href":"https:\/\/zonaroja.com.mx\/index.php?rest_route=\/wp\/v2\/posts\/19490\/revisions\/19492"}],"wp:featuredmedia":[{"embeddable":true,"href":"https:\/\/zonaroja.com.mx\/index.php?rest_route=\/wp\/v2\/media\/19491"}],"wp:attachment":[{"href":"https:\/\/zonaroja.com.mx\/index.php?rest_route=%2Fwp%2Fv2%2Fmedia&parent=19490"}],"wp:term":[{"taxonomy":"category","embeddable":true,"href":"https:\/\/zonaroja.com.mx\/index.php?rest_route=%2Fwp%2Fv2%2Fcategories&post=19490"},{"taxonomy":"post_tag","embeddable":true,"href":"https:\/\/zonaroja.com.mx\/index.php?rest_route=%2Fwp%2Fv2%2Ftags&post=19490"}],"curies":[{"name":"wp","href":"https:\/\/api.w.org\/{rel}","templated":true}]}}