{"id":19493,"date":"2020-10-31T21:17:42","date_gmt":"2020-11-01T03:17:42","guid":{"rendered":"http:\/\/www.zonaroja.com.mx\/?p=19493"},"modified":"2020-10-31T21:28:11","modified_gmt":"2020-11-01T03:28:11","slug":"sabado-tragico-en-oaxaca-un-asesinado-cae-avioneta-se-incendia-pipa-y-explota","status":"publish","type":"post","link":"https:\/\/zonaroja.com.mx\/?p=19493","title":{"rendered":"S\u00e1bado tr\u00e1gico en Oaxaca: un asesinado; cae avioneta; se incendia pipa y explota"},"content":{"rendered":"\n<p>Ismael Garc\u00eda M.\/Zona Roja.<\/p>\n\n\n\n<p>Oaxaca de Ju\u00e1rez, Oax., 31 de octubre de 2020.- La v\u00edspera de la conmemoraci\u00f3n del D\u00eda de Muertos fue fatal en Oaxaca.<\/p>\n\n\n\n<p>Este s\u00e1bado se registr\u00f3 la ca\u00edda de una avioneta con saldo de seis lesionados; el incendio y explosi\u00f3n de una pipa de combustible, con una persona fallecida; un asesinado con machete y mutilado del brazo, entre otros casos.<\/p>\n\n\n\n<p>La tarde de hoy en la carretera federal 190, tramo La Venta-La Ventosa, jurisdicci\u00f3n de Juchit\u00e1n de Zaragoza, regi\u00f3n del Istmo de Tehuantepec, un individuo fue asesinado a machetazos, y adem\u00e1s le cercenaron un brazo.<\/p>\n\n\n\n<p>La v\u00edctima fue identificada como Alejandro S\u00e1nchez L\u00f3pez, de 28 a\u00f1os de edad, y chofer de un taxi del sitio \u201cCrucero\u201d, de Juchit\u00e1n; por este caso, taxistas bloquearon por unas horas dicho tramo vial.<\/p>\n\n\n\n<figure class=\"wp-block-embed-twitter wp-block-embed is-type-rich is-provider-twitter\"><div class=\"wp-block-embed__wrapper\">\n<div class=\"twitter-tweet\"><blockquote class=\"twitter-tweet\" data-lang=\"es\"><p lang=\"es\" dir=\"ltr\"><a href=\"https:\/\/twitter.com\/hashtag\/%C3%9AltimoMinuto?src=hash&amp;ref_src=twsrc%5Etfw\">#\u00daltimoMinuto<\/a> <a href=\"https:\/\/twitter.com\/hashtag\/OaxacaRojo?src=hash&amp;ref_src=twsrc%5Etfw\">#OaxacaRojo<\/a><br>Una persona fue asesinada con arma blanca esta tarde en la carretera Panamericana, tramo La Venta-La Ventosa, Juchit\u00e1n; a la atenci\u00f3n lleg\u00f3 personal de <a href=\"https:\/\/twitter.com\/Bomberos_GobOax?ref_src=twsrc%5Etfw\">@Bomberos_GobOax<\/a>. <br>Tras el crimen, taxistas bloquean la v\u00eda federal. <a href=\"https:\/\/t.co\/xbdeWa4JUo\">pic.twitter.com\/xbdeWa4JUo<\/a><\/p>&mdash; Zona Roja Oaxaca (@MexRoja) <a href=\"https:\/\/twitter.com\/MexRoja\/status\/1322676396691509249?ref_src=twsrc%5Etfw\">31 de octubre de 2020<\/a><\/blockquote><\/div>\n<\/div><\/figure>\n\n\n\n<p>Por otra parte, alrededor de las 14:00 horas, una pipa cargada con combustible explot\u00f3 y se incendi\u00f3, presuntamente a causa de un choque con otra unidad de motor, en la v\u00eda federal 190 Oaxaca-Istmo, en el kil\u00f3metro 165, a la altura de La Reforma, San Carlos Yautepec.<\/p>\n\n\n\n<p>De manera preliminar se inform\u00f3 de una persona fallecida, chofer del tractocami\u00f3n, lo cual no ha sido confirmado por las autoridades estatales. Personal del Cuerpo de Bomberos acudi\u00f3 a atender la emergencia.<\/p>\n\n\n\n<figure class=\"wp-block-embed-twitter wp-block-embed is-type-rich is-provider-twitter\"><div class=\"wp-block-embed__wrapper\">\n<div class=\"twitter-tweet\"><blockquote class=\"twitter-tweet\" data-lang=\"es\"><p lang=\"es\" dir=\"ltr\"><a href=\"https:\/\/twitter.com\/hashtag\/%C3%9AltimoMinuto?src=hash&amp;ref_src=twsrc%5Etfw\">#\u00daltimoMinuto<\/a> <br>Una persona fallecida, el saldo preliminar de la <a href=\"https:\/\/twitter.com\/hashtag\/explosi%C3%B3n?src=hash&amp;ref_src=twsrc%5Etfw\">#explosi\u00f3n<\/a> de una <a href=\"https:\/\/twitter.com\/hashtag\/pipa?src=hash&amp;ref_src=twsrc%5Etfw\">#pipa<\/a> al parecer cargada con combustible, en la carrerera <a href=\"https:\/\/twitter.com\/hashtag\/Oaxaca?src=hash&amp;ref_src=twsrc%5Etfw\">#Oaxaca<\/a>-Istmo, a la altura del kil\u00f3metro 165; reportan que sigue cerrado el tr\u00e1nsito a veh\u00edculos de motor. <a href=\"https:\/\/t.co\/w7xMioYWat\">pic.twitter.com\/w7xMioYWat<\/a><\/p>&mdash; Zona Roja Oaxaca (@MexRoja) <a href=\"https:\/\/twitter.com\/MexRoja\/status\/1322697209364783105?ref_src=twsrc%5Etfw\">1 de noviembre de 2020<\/a><\/blockquote><\/div>\n<\/div><\/figure>\n\n\n\n<p>Por la ma\u00f1ana, una avioneta particular cay\u00f3 en un despoblado de la colonia Libertad de Puerto Escondido, San Pedro Mixtepec.<\/p>\n\n\n\n<p>Seis personas resultaron con lesiones no de gravedad, integrantes de la familia del ex edil de Tlaxiaco, Germ\u00e1n Simancas Bautista, se inform\u00f3 de manera preliminar.<\/p>\n\n\n\n<p>Los heridos fueron trasladados a una cl\u00ednica particular y a\u00fan no se ha dado a conocer las causas del percance.<\/p>\n\n\n\n<figure class=\"wp-block-embed-twitter wp-block-embed is-type-rich is-provider-twitter\"><div class=\"wp-block-embed__wrapper\">\n<div class=\"twitter-tweet\"><blockquote class=\"twitter-tweet\" data-lang=\"es\"><p lang=\"es\" dir=\"ltr\"><a href=\"https:\/\/twitter.com\/hashtag\/%C3%9AltimoMinuto?src=hash&amp;ref_src=twsrc%5Etfw\">#\u00daltimoMinuto<\/a> <br>Cae una avioneta en Puerto Escondido, <a href=\"https:\/\/twitter.com\/hashtag\/Oaxaca?src=hash&amp;ref_src=twsrc%5Etfw\">#Oaxaca<\/a>; personal de <a href=\"https:\/\/twitter.com\/Bomberos_GobOax?ref_src=twsrc%5Etfw\">@Bomberos_GobOax<\/a> y param\u00e9dicos valoran y atienden a los pasajeros que viajaban abordo de la aeronave que se desplom\u00f3 en la colonia Libertad; presentan lesiones leves y fueron trasladados a una cl\u00ednica. <a href=\"https:\/\/t.co\/ACrRrjejCu\">pic.twitter.com\/ACrRrjejCu<\/a><\/p>&mdash; Zona Roja Oaxaca (@MexRoja) <a href=\"https:\/\/twitter.com\/MexRoja\/status\/1322622538242019333?ref_src=twsrc%5Etfw\">31 de octubre de 2020<\/a><\/blockquote><\/div>\n<\/div><\/figure>\n","protected":false},"excerpt":{"rendered":"<p>Ismael Garc\u00eda M.\/Zona Roja. Oaxaca de Ju\u00e1rez, Oax., 31 de octubre de 2020.- La v\u00edspera&hellip;<\/p>\n","protected":false},"author":2,"featured_media":19494,"comment_status":"closed","ping_status":"open","sticky":false,"template":"","format":"standard","meta":{"_lmt_disableupdate":"","_lmt_disable":"","_jetpack_memberships_contains_paid_content":false,"footnotes":""},"categories":[109,51],"tags":[2160,2159],"class_list":["post-19493","post","type-post","status-publish","format-standard","has-post-thumbnail","hentry","category-minuto-a-minuto","category-zona-roja","tag-accidente-pipa-explosion-istmo","tag-cae-avioneta-puerto-escondido"],"jetpack_featured_media_url":"https:\/\/zonaroja.com.mx\/wp-content\/uploads\/2020\/10\/Pipa-incendiada-Istmo.jpg","jetpack_sharing_enabled":true,"_links":{"self":[{"href":"https:\/\/zonaroja.com.mx\/index.php?rest_route=\/wp\/v2\/posts\/19493","targetHints":{"allow":["GET"]}}],"collection":[{"href":"https:\/\/zonaroja.com.mx\/index.php?rest_route=\/wp\/v2\/posts"}],"about":[{"href":"https:\/\/zonaroja.com.mx\/index.php?rest_route=\/wp\/v2\/types\/post"}],"author":[{"embeddable":true,"href":"https:\/\/zonaroja.com.mx\/index.php?rest_route=\/wp\/v2\/users\/2"}],"replies":[{"embeddable":true,"href":"https:\/\/zonaroja.com.mx\/index.php?rest_route=%2Fwp%2Fv2%2Fcomments&post=19493"}],"version-history":[{"count":1,"href":"https:\/\/zonaroja.com.mx\/index.php?rest_route=\/wp\/v2\/posts\/19493\/revisions"}],"predecessor-version":[{"id":19495,"href":"https:\/\/zonaroja.com.mx\/index.php?rest_route=\/wp\/v2\/posts\/19493\/revisions\/19495"}],"wp:featuredmedia":[{"embeddable":true,"href":"https:\/\/zonaroja.com.mx\/index.php?rest_route=\/wp\/v2\/media\/19494"}],"wp:attachment":[{"href":"https:\/\/zonaroja.com.mx\/index.php?rest_route=%2Fwp%2Fv2%2Fmedia&parent=19493"}],"wp:term":[{"taxonomy":"category","embeddable":true,"href":"https:\/\/zonaroja.com.mx\/index.php?rest_route=%2Fwp%2Fv2%2Fcategories&post=19493"},{"taxonomy":"post_tag","embeddable":true,"href":"https:\/\/zonaroja.com.mx\/index.php?rest_route=%2Fwp%2Fv2%2Ftags&post=19493"}],"curies":[{"name":"wp","href":"https:\/\/api.w.org\/{rel}","templated":true}]}}