{"id":19501,"date":"2020-11-01T08:08:35","date_gmt":"2020-11-01T14:08:35","guid":{"rendered":"http:\/\/www.zonaroja.com.mx\/?p=19501"},"modified":"2020-11-01T08:08:39","modified_gmt":"2020-11-01T14:08:39","slug":"inedito-golpean-a-paramedicos-de-cruz-roja-y-matan-a-individuo-en-la-capital","status":"publish","type":"post","link":"https:\/\/zonaroja.com.mx\/?p=19501","title":{"rendered":"In\u00e9dito: golpean a param\u00e9dicos de Cruz Roja y matan a individuo en la capital"},"content":{"rendered":"\n<p>Ismael Garc\u00eda M.\/Zona Roja.<\/p>\n\n\n\n<p>Oaxaca de Ju\u00e1rez, Oax., 1 de noviembre de 2020.- La nula vigilancia por parte de la polic\u00eda municipal de Oaxaca de Ju\u00e1rez origin\u00f3 diversos hechos violentos en el primer d\u00eda de noviembre.<\/p>\n\n\n\n<p>En los primeros minutos de este domingo, sujetos armados con palos y cuchillos, ingresaron a la sede hospitalaria de la Cruz Roja Mexicana ubicada en la calle Armenta y L\u00f3pez de la ciudad de Oaxaca, a unos metros de una oficina de la Fiscal\u00eda General del Estado.<\/p>\n\n\n\n<p>Los presuntos integrantes de un grupo de mototaxistas, golpearon a varios param\u00e9dicos, tras lo cual huyeron de inmediato; la polic\u00eda municipal no lleg\u00f3 a tiempo para impedir los hechos violentos.<\/p>\n\n\n\n<figure class=\"wp-block-embed-twitter wp-block-embed is-type-rich is-provider-twitter\"><div class=\"wp-block-embed__wrapper\">\n<div class=\"twitter-tweet\"><blockquote class=\"twitter-tweet\" data-lang=\"es\"><p lang=\"es\" dir=\"ltr\"><a href=\"https:\/\/twitter.com\/hashtag\/%C3%9AltimoMinuto?src=hash&amp;ref_src=twsrc%5Etfw\">#\u00daltimoMinuto<\/a><br>In\u00e9dito: en pleno Centro Hist\u00f3rico de la ciudad de <a href=\"https:\/\/twitter.com\/hashtag\/Oaxaca?src=hash&amp;ref_src=twsrc%5Etfw\">#Oaxaca<\/a>, la madrugada de hoy asesinaron a un individuo con arma blanca, sin que se apareciera un elemento policiaco  del <a href=\"https:\/\/twitter.com\/MunicipioOaxaca?ref_src=twsrc%5Etfw\">@MunicipioOaxaca<\/a> para perseguir a los probables delincuentes. <a href=\"https:\/\/t.co\/lrgBhjOUTE\">pic.twitter.com\/lrgBhjOUTE<\/a><\/p>&mdash; Zona Roja Oaxaca (@MexRoja) <a href=\"https:\/\/twitter.com\/MexRoja\/status\/1322889190577594368?ref_src=twsrc%5Etfw\">1 de noviembre de 2020<\/a><\/blockquote><\/div>\n<\/div><\/figure>\n\n\n\n<p>En tanto, alrededor de las cuatro de la ma\u00f1ana, sujetos desconocidos agredieron a una persona del sexo masculino con arma blanca, tras lo cual perdi\u00f3 la vida.<\/p>\n\n\n\n<p>Los hechos sucedieron en la calle Tinoco y Palacio casi esquina con avenida Independencia, a unas tres cuadras del palacio municipal de la capital y del cuartel policiaco.<\/p>\n\n\n\n<p>Hasta el momento la v\u00edctima no ha sido identificada ni hay pistas de los agresores; tampoco en este caso llegaron a tiempo los uniformados locales para buscar a los probables responsables del crimen.<\/p>\n","protected":false},"excerpt":{"rendered":"<p>Ismael Garc\u00eda M.\/Zona Roja. Oaxaca de Ju\u00e1rez, Oax., 1 de noviembre de 2020.- La nula&hellip;<\/p>\n","protected":false},"author":2,"featured_media":19502,"comment_status":"closed","ping_status":"open","sticky":false,"template":"","format":"standard","meta":{"_lmt_disableupdate":"","_lmt_disable":"","_jetpack_memberships_contains_paid_content":false,"footnotes":""},"categories":[109,51],"tags":[148],"class_list":["post-19501","post","type-post","status-publish","format-standard","has-post-thumbnail","hentry","category-minuto-a-minuto","category-zona-roja","tag-oaxaca-de-juarez"],"jetpack_featured_media_url":"https:\/\/zonaroja.com.mx\/wp-content\/uploads\/2020\/11\/Agresion-Cruz-Roja-Oaxaca.jpg","jetpack_sharing_enabled":true,"_links":{"self":[{"href":"https:\/\/zonaroja.com.mx\/index.php?rest_route=\/wp\/v2\/posts\/19501","targetHints":{"allow":["GET"]}}],"collection":[{"href":"https:\/\/zonaroja.com.mx\/index.php?rest_route=\/wp\/v2\/posts"}],"about":[{"href":"https:\/\/zonaroja.com.mx\/index.php?rest_route=\/wp\/v2\/types\/post"}],"author":[{"embeddable":true,"href":"https:\/\/zonaroja.com.mx\/index.php?rest_route=\/wp\/v2\/users\/2"}],"replies":[{"embeddable":true,"href":"https:\/\/zonaroja.com.mx\/index.php?rest_route=%2Fwp%2Fv2%2Fcomments&post=19501"}],"version-history":[{"count":1,"href":"https:\/\/zonaroja.com.mx\/index.php?rest_route=\/wp\/v2\/posts\/19501\/revisions"}],"predecessor-version":[{"id":19503,"href":"https:\/\/zonaroja.com.mx\/index.php?rest_route=\/wp\/v2\/posts\/19501\/revisions\/19503"}],"wp:featuredmedia":[{"embeddable":true,"href":"https:\/\/zonaroja.com.mx\/index.php?rest_route=\/wp\/v2\/media\/19502"}],"wp:attachment":[{"href":"https:\/\/zonaroja.com.mx\/index.php?rest_route=%2Fwp%2Fv2%2Fmedia&parent=19501"}],"wp:term":[{"taxonomy":"category","embeddable":true,"href":"https:\/\/zonaroja.com.mx\/index.php?rest_route=%2Fwp%2Fv2%2Fcategories&post=19501"},{"taxonomy":"post_tag","embeddable":true,"href":"https:\/\/zonaroja.com.mx\/index.php?rest_route=%2Fwp%2Fv2%2Ftags&post=19501"}],"curies":[{"name":"wp","href":"https:\/\/api.w.org\/{rel}","templated":true}]}}