{"id":19504,"date":"2020-11-01T08:12:05","date_gmt":"2020-11-01T14:12:05","guid":{"rendered":"http:\/\/www.zonaroja.com.mx\/?p=19504"},"modified":"2020-11-01T08:12:08","modified_gmt":"2020-11-01T14:12:08","slug":"economia-de-oaxaca-paso-de-2-1-a-17-3-entre-el-primero-y-segundo-trimestre-de-2020","status":"publish","type":"post","link":"https:\/\/zonaroja.com.mx\/?p=19504","title":{"rendered":"Econom\u00eda de Oaxaca pas\u00f3 de -2.1 a -17.3 entre el primero y segundo trimestre de 2020"},"content":{"rendered":"\n<p>Yuridiana Sosa\/Zona Roja.<\/p>\n\n\n\n<p>Oaxaca de Ju\u00e1rez, Oax., de noviembre de 2020.- La econom\u00eda de Oaxaca sufri\u00f3 una severa ca\u00edda en el segundo trimestre del a\u00f1o con respecto al trimestre anterior y en mismo periodo del 2019, mismo que se registr\u00f3 durante los primeros tres meses de la contingencia por Covid-19.<\/p>\n\n\n\n<p>El comportamiento desfavorable lo report\u00f3 el Indicador Trimestral de la Actividad Econ\u00f3mica Estatal (ITAEE), del Instituto Nacional de Estad\u00edstica y Geograf\u00eda (INEGI).<\/p>\n\n\n\n<p>El reporte m\u00e1s reciente indic\u00f3 que Oaxaca present\u00f3 una variaci\u00f3n anual total de su econom\u00eda de menos 17.3 por ciento, con respecto al mismo periodo del a\u00f1o anterior.<\/p>\n\n\n\n<p>Pero, de acuerdo con el informe anterior del ITAEE, la entidad tambi\u00e9n present\u00f3 una ca\u00edda entre enero y marzo de este a\u00f1o con respecto al 2019, de menos 2.1 por ciento menos, lo cual se agrav\u00f3 al disminuir su progreso este nuevo periodo que super\u00f3 los menos 17 por ciento.<\/p>\n\n\n\n<p>AGRICULTURA, LA SOBREVIVIENTE<\/p>\n\n\n\n<p>La ca\u00edda m\u00e1s fuerte se registr\u00f3 en las actividades secundarias, mientras que en las primarias hubo un crecimiento.<\/p>\n\n\n\n<p>El INEGI destall\u00f3 que la variaci\u00f3n de las secundarias con una tasa anual del menos 27.6 por ciento se debi\u00f3 principalmente al comportamiento en el sector de la construcci\u00f3n, en las industrias manufactureras y en la miner\u00eda.<\/p>\n\n\n\n<p>Lo anterior, ocasion\u00f3 que el estado se situara, en este rubro, en la d\u00e9cima sexta posici\u00f3n del total de las entidades.<\/p>\n\n\n\n<p>Seguido de las actividades terciarias, con una merma anual de menos 16.3 por ciento, lo cual se debido, en mayor medida, al comercio, los transportes, correos y almacenamiento; a los servicios de alojamiento temporal y de preparaci\u00f3n de alimentos y bebidas, apunt\u00f3 el Indicador.<\/p>\n\n\n\n<p>La excepci\u00f3n fueron las actividades primarias, las \u00fanicas que presentaron un aumento anual del 5.4 por ciento, generado, sobre todo, por la agricultura. Este resultado coloc\u00f3 a Oaxaca en el sexto lugar con respecto al resto de las entidades en este rubro.<\/p>\n\n\n\n<p>El acumulado entre enero y junio decreci\u00f3 en menos 9.6 por ciento, resultado de la disminuci\u00f3n en la econom\u00eda de las actividades secundarias de menos 17.5 por ciento y en las terciarias de menos 8.4 por ciento.<\/p>\n\n\n\n<p>Caso contrario, las primarias acumularon un alza de 3.4 por ciento en los primeros seis meses del a\u00f1o.<\/p>\n","protected":false},"excerpt":{"rendered":"<p>Yuridiana Sosa\/Zona Roja. Oaxaca de Ju\u00e1rez, Oax., de noviembre de 2020.- La econom\u00eda de Oaxaca&hellip;<\/p>\n","protected":false},"author":2,"featured_media":19505,"comment_status":"closed","ping_status":"open","sticky":false,"template":"","format":"standard","meta":{"_lmt_disableupdate":"","_lmt_disable":"","_jetpack_memberships_contains_paid_content":false,"footnotes":""},"categories":[109,47],"tags":[2161],"class_list":["post-19504","post","type-post","status-publish","format-standard","has-post-thumbnail","hentry","category-minuto-a-minuto","category-zona-gris","tag-crecimiento-economico-oaxaca"],"jetpack_featured_media_url":"https:\/\/zonaroja.com.mx\/wp-content\/uploads\/2020\/11\/Campo-mexicano.jpeg","jetpack_sharing_enabled":true,"_links":{"self":[{"href":"https:\/\/zonaroja.com.mx\/index.php?rest_route=\/wp\/v2\/posts\/19504","targetHints":{"allow":["GET"]}}],"collection":[{"href":"https:\/\/zonaroja.com.mx\/index.php?rest_route=\/wp\/v2\/posts"}],"about":[{"href":"https:\/\/zonaroja.com.mx\/index.php?rest_route=\/wp\/v2\/types\/post"}],"author":[{"embeddable":true,"href":"https:\/\/zonaroja.com.mx\/index.php?rest_route=\/wp\/v2\/users\/2"}],"replies":[{"embeddable":true,"href":"https:\/\/zonaroja.com.mx\/index.php?rest_route=%2Fwp%2Fv2%2Fcomments&post=19504"}],"version-history":[{"count":1,"href":"https:\/\/zonaroja.com.mx\/index.php?rest_route=\/wp\/v2\/posts\/19504\/revisions"}],"predecessor-version":[{"id":19506,"href":"https:\/\/zonaroja.com.mx\/index.php?rest_route=\/wp\/v2\/posts\/19504\/revisions\/19506"}],"wp:featuredmedia":[{"embeddable":true,"href":"https:\/\/zonaroja.com.mx\/index.php?rest_route=\/wp\/v2\/media\/19505"}],"wp:attachment":[{"href":"https:\/\/zonaroja.com.mx\/index.php?rest_route=%2Fwp%2Fv2%2Fmedia&parent=19504"}],"wp:term":[{"taxonomy":"category","embeddable":true,"href":"https:\/\/zonaroja.com.mx\/index.php?rest_route=%2Fwp%2Fv2%2Fcategories&post=19504"},{"taxonomy":"post_tag","embeddable":true,"href":"https:\/\/zonaroja.com.mx\/index.php?rest_route=%2Fwp%2Fv2%2Ftags&post=19504"}],"curies":[{"name":"wp","href":"https:\/\/api.w.org\/{rel}","templated":true}]}}