{"id":1951,"date":"2019-07-01T08:41:54","date_gmt":"2019-07-01T13:41:54","guid":{"rendered":"http:\/\/www.zonaroja.com.mx\/?p=1951"},"modified":"2019-06-30T21:47:00","modified_gmt":"2019-07-01T02:47:00","slug":"multas-de-diez-a-50-mil-dias-de-salario-minimo-por-usar-unicel-o-plasticos","status":"publish","type":"post","link":"https:\/\/zonaroja.com.mx\/?p=1951","title":{"rendered":"Multas de diez a 50 mil d\u00edas de salario m\u00ednimo, por usar unicel o pl\u00e1sticos"},"content":{"rendered":"\n<p>Redacci\u00f3n<\/p>\n\n\n\n<p>Oaxaca de\nJu\u00e1rez, Oax., 1 de julio de 2019.- El pasado 22 de junio se public\u00f3 en el Peri\u00f3dico\nOficial del Estado la reforma a la Ley para la Prevenci\u00f3n y Gesti\u00f3n Integral de\nlos Residuos S\u00f3lidos, con lo que entr\u00f3 en vigor la norma en Oaxaca.<\/p>\n\n\n\n<p>A trav\u00e9s de\nella se proh\u00edbe la venta, distribuci\u00f3n o uso de botellas desechables de\ntereftalato de polietileno (PET), as\u00ed como de envases y embalajes desechables\nde poliestireno expandido (unicel).<\/p>\n\n\n\n<p>Las\nsanciones por el incumplimiento de las disposiciones est\u00e1n previstas en el\nart\u00edculo 108 de la ley, que incluyen la posibilidad de multas de diez a 50 mil\nd\u00edas de salario m\u00ednimo, la suspensi\u00f3n o revocaci\u00f3n de concesiones o\nautorizaciones, decomisos, clausuras temporal o definitiva, e incluso el\narresto.<\/p>\n\n\n\n<p>En un\ncomunicado, el diputado local Horacio Sosa Villavicencio, del Movimiento\nRegeneraci\u00f3n Nacional (Morena), autor y promovente de esa medida legislativa,\ncelebr\u00f3 que el Gobierno del Estado al fin haya publicado en el Peri\u00f3dico Oficial\nel decreto 629.<\/p>\n\n\n\n<p>Consider\u00f3\nque el hecho instala a Oaxaca en la vanguardia de la protecci\u00f3n de la\nnaturaleza y de la defensa de los derechos ambientales de la poblaci\u00f3n, pues es\nel primer estado del pa\u00eds que establece una medida de ese tipo.<\/p>\n\n\n\n<p>A partir de la publicaci\u00f3n, las dependencias y entidades de los tres Poderes del Gobierno del Estado de Oaxaca, los gobiernos municipales, as\u00ed como los \u00f3rganos aut\u00f3nomos, tienen prohibido adquirir, usar o distribuir productos en envases o embalajes de un solo uso elaborados con tereftalato de polietileno, poliestireno expandido o polietileno, salvo que sean destinados a fines m\u00e9dicos o para la atenci\u00f3n humanitaria.<\/p>\n\n\n\n<figure class=\"wp-block-embed-twitter wp-block-embed is-type-rich is-provider-twitter\"><div class=\"wp-block-embed__wrapper\">\n<div class=\"twitter-tweet\"><blockquote class=\"twitter-tweet\" data-lang=\"es\"><p lang=\"es\" dir=\"ltr\">Entre en vigor la prohibici\u00f3n de botellas de pl\u00e1stico de un solo uso en todo <a href=\"https:\/\/twitter.com\/hashtag\/Oaxaca?src=hash&amp;ref_src=twsrc%5Etfw\">#Oaxaca<\/a>; tambi\u00e9n se proh\u00edbe el popote y desechables de unicel.<a href=\"https:\/\/twitter.com\/Desde_Izquierda?ref_src=twsrc%5Etfw\">@Desde_Izquierda<\/a> <a href=\"https:\/\/twitter.com\/TuiteraMx?ref_src=twsrc%5Etfw\">@TuiteraMx<\/a> <a href=\"https:\/\/twitter.com\/Eltiotonysoy?ref_src=twsrc%5Etfw\">@Eltiotonysoy<\/a> <a href=\"https:\/\/twitter.com\/LauraEstradaMau?ref_src=twsrc%5Etfw\">@LauraEstradaMau<\/a> <a href=\"https:\/\/twitter.com\/DipsMorenaOax?ref_src=twsrc%5Etfw\">@DipsMorenaOax<\/a> <a href=\"https:\/\/twitter.com\/DelfinaGuzmanD1?ref_src=twsrc%5Etfw\">@DelfinaGuzmanD1<\/a> <a href=\"https:\/\/twitter.com\/YoHumbertoRamos?ref_src=twsrc%5Etfw\">@YoHumbertoRamos<\/a> <a href=\"https:\/\/twitter.com\/greenpeacemx?ref_src=twsrc%5Etfw\">@greenpeacemx<\/a> <a href=\"https:\/\/t.co\/ocsKItshWM\">pic.twitter.com\/ocsKItshWM<\/a><\/p>&mdash; Horacio Sosa (@HoracioSosaOax) <a href=\"https:\/\/twitter.com\/HoracioSosaOax\/status\/1144724173350195200?ref_src=twsrc%5Etfw\">28 de junio de 2019<\/a><\/blockquote><\/div>\n<\/div><\/figure>\n\n\n\n<p>Las micro y\npeque\u00f1as empresas que comercializan directamente al consumidor final los\nproductos con los envases de PET o embalajes de unicel, como tienditas o\nminis\u00faper, tendr\u00e1n un a\u00f1o para eliminar de su inventario los productos\nprohibidos.<\/p>\n\n\n\n<p>En tanto,\npara las medianas y grandes empresas, como supermercados, as\u00ed como las empresas\nque distribuyan antes de su venta al consumidor final, como las empresas\nrefresqueras, el l\u00edmite de tiempo ser\u00e1 de seis meses.<\/p>\n\n\n\n<p>Sosa\nVillavicencio, vicecoordinador del Grupo Parlamentario de Morena en la LXIV\nLegislatura local, se\u00f1al\u00f3 que las grandes empresas deber\u00e1n replantear la forma\nen la que envasan sus productos y adoptar medidas que cuiden al medio ambiente.\n<\/p>\n\n\n\n<p>\u201cNo estamos\ncontra los empresarios; solo les pedimos que vendan sus productos en envases\namigables con el ambiente, o que regresen a las botellas retornables\u201d, se\u00f1al\u00f3.<\/p>\n\n\n\n<p>Record\u00f3 que\nlos pl\u00e1sticos constituyen 45 por ciento del volumen de los residuos s\u00f3lidos, y\nel PET es uno de los principales contribuyentes a dicho volumen. Esto, agrego,\nimplica graves problemas ambientales y de salud, as\u00ed como gastos econ\u00f3micos y\nenerg\u00e9ticos que se evitar\u00e1n con la nueva disposici\u00f3n.<\/p>\n\n\n\n<p>El decreto\npublicado el 22 de junio incluye tambi\u00e9n la prohibici\u00f3n del obsequio, venta o\nentrega al consumidor final de bolsas de pl\u00e1stico y popotes de polietileno de\nbaja densidad, polietileno lineal, polietileno de alta densidad, polipropileno,\npol\u00edmero de pl\u00e1stico y cualquier otro de sus derivados. No obstante, est\u00e1n\npermitidas las bolsas que hayan sido producidas incorporando m\u00ednimo 30 por\nciento de material reciclado.<\/p>\n","protected":false},"excerpt":{"rendered":"<p>Redacci\u00f3n Oaxaca de Ju\u00e1rez, Oax., 1 de julio de 2019.- El pasado 22 de junio&hellip;<\/p>\n","protected":false},"author":2,"featured_media":1952,"comment_status":"closed","ping_status":"open","sticky":false,"template":"","format":"standard","meta":{"_lmt_disableupdate":"","_lmt_disable":"","_jetpack_memberships_contains_paid_content":false,"footnotes":""},"categories":[109,46],"tags":[],"class_list":["post-1951","post","type-post","status-publish","format-standard","has-post-thumbnail","hentry","category-minuto-a-minuto","category-zona-blanca"],"jetpack_featured_media_url":"https:\/\/zonaroja.com.mx\/wp-content\/uploads\/2019\/06\/IMG_2480.jpg","jetpack_sharing_enabled":true,"_links":{"self":[{"href":"https:\/\/zonaroja.com.mx\/index.php?rest_route=\/wp\/v2\/posts\/1951","targetHints":{"allow":["GET"]}}],"collection":[{"href":"https:\/\/zonaroja.com.mx\/index.php?rest_route=\/wp\/v2\/posts"}],"about":[{"href":"https:\/\/zonaroja.com.mx\/index.php?rest_route=\/wp\/v2\/types\/post"}],"author":[{"embeddable":true,"href":"https:\/\/zonaroja.com.mx\/index.php?rest_route=\/wp\/v2\/users\/2"}],"replies":[{"embeddable":true,"href":"https:\/\/zonaroja.com.mx\/index.php?rest_route=%2Fwp%2Fv2%2Fcomments&post=1951"}],"version-history":[{"count":1,"href":"https:\/\/zonaroja.com.mx\/index.php?rest_route=\/wp\/v2\/posts\/1951\/revisions"}],"predecessor-version":[{"id":1953,"href":"https:\/\/zonaroja.com.mx\/index.php?rest_route=\/wp\/v2\/posts\/1951\/revisions\/1953"}],"wp:featuredmedia":[{"embeddable":true,"href":"https:\/\/zonaroja.com.mx\/index.php?rest_route=\/wp\/v2\/media\/1952"}],"wp:attachment":[{"href":"https:\/\/zonaroja.com.mx\/index.php?rest_route=%2Fwp%2Fv2%2Fmedia&parent=1951"}],"wp:term":[{"taxonomy":"category","embeddable":true,"href":"https:\/\/zonaroja.com.mx\/index.php?rest_route=%2Fwp%2Fv2%2Fcategories&post=1951"},{"taxonomy":"post_tag","embeddable":true,"href":"https:\/\/zonaroja.com.mx\/index.php?rest_route=%2Fwp%2Fv2%2Ftags&post=1951"}],"curies":[{"name":"wp","href":"https:\/\/api.w.org\/{rel}","templated":true}]}}