{"id":19510,"date":"2020-11-01T11:37:54","date_gmt":"2020-11-01T17:37:54","guid":{"rendered":"http:\/\/www.zonaroja.com.mx\/?p=19510"},"modified":"2020-11-01T11:45:47","modified_gmt":"2020-11-01T17:45:47","slug":"piden-a-parroco-de-tlaxiaco-respeto-a-laicidad-del-estado","status":"publish","type":"post","link":"https:\/\/zonaroja.com.mx\/?p=19510","title":{"rendered":"Piden a p\u00e1rroco de Tlaxiaco respeto a laicidad del Estado"},"content":{"rendered":"\n<p>Evlin Arag\u00f3n\/Zona Roja.<\/p>\n\n\n\n<p>Oaxaca de Ju\u00e1rez, Oax., 1 de noviembre de 2020.- El diputado local por el Partido del Trabajo, C\u00e9sar Morales Ni\u00f1o, pidi\u00f3 al p\u00e1rroco de la Heroica Ciudad de Tlaxiaco respetar la laicidad del Estado mexicano y evitar dar opiniones con respecto a lo que sucede al interior del Congreso local, enmarcado en la legalidad.&nbsp;<\/p>\n\n\n\n<p>Lo anterior al presentar un Punto de Acuerdo en el que exhorta a la Secretaria General de Gobierno, para que a trav\u00e9s de la Subsecretar\u00eda Jur\u00eddica y de Asuntos Religiosos, reconvenga y conmine al p\u00e1rroco o sacerdote de la localidad, por las declaraciones que realiz\u00f3 el pasado 25 de octubre en las que refiere que los integrantes de la 64 Legislatura no han cuidado la salud de las y los oaxaque\u00f1os.&nbsp;<\/p>\n\n\n\n<p>De ser necesario. solicit\u00f3 dar vista a la Secretar\u00eda de Gobernaci\u00f3n para los tr\u00e1mites que correspondan, a fin de velar y exigir el respeto al principio de separaci\u00f3n de Iglesia-Estado, mismo que proh\u00edbe a los ministros de los diferentes cultos hacer cr\u00edticas de las leyes fundamentales del pa\u00eds.&nbsp;<\/p>\n\n\n\n<p>\u201cSe\u00f1alo que el sacerdote comete una severa transgresi\u00f3n a la laicidad y libertad de culto contenida en nuestra Constituci\u00f3n de Oaxaca\u201d, refiri\u00f3 el legislador.&nbsp;<\/p>\n\n\n\n<p>En este sentido, exhort\u00f3 a las autoridades estatales para que se concientice a los representantes de la Iglesia sobre los alcances letales y peligrosos que produce el contagio de Covid-19, adem\u00e1s de evitar comentarios que contribuyen a la polarizaci\u00f3n de la poblaci\u00f3n en torno a la pandemia.&nbsp;<\/p>\n\n\n\n<p>Y es que el pasado 25 de octubre, al interior de su culto religioso, el p\u00e1rroco acus\u00f3 a Morales Ni\u00f1o de propagar el odio, divisi\u00f3n y miedo en la poblaci\u00f3n tras haber anunciado que solicitar\u00eda la revocaci\u00f3n del mandato de edil de Tlaxiaco, Gaudencio Ortiz Cruz.&nbsp;<\/p>\n\n\n\n<p>Ello luego de que el pasado 18 de octubre se celebrara una festividad religiosa en el municipio, la cual cont\u00f3 con actos p\u00fablicos, caravanas, caminatas, convivencias masivas, entre otras; y no respet\u00f3 las medidas sanitarias recomendadas.<\/p>\n\n\n\n<p>Al respecto, el legislador explic\u00f3 que no est\u00e1 en contra de la religi\u00f3n y la fe, por el contrario, est\u00e1 a favor de la protecci\u00f3n de la salud y la vida, en medio de una contingencia que, de forma acumulada, a la fecha le ha arrebatado la vida a mil 641 personas en Oaxaca.<\/p>\n\n\n\n<p>\u201cNo estoy en contra de la religiosidad popular, no estoy en contra de las fiestas, de las tradiciones, de los usos y costumbres, no estoy en contra de la Iglesia, de la fe, estoy a favor de la protecci\u00f3n de la salud y la vida, y en la actual pandemia se deben adoptar todas las medidas sanitarias de protecci\u00f3n para cuidar a la ciudadan\u00eda\u201d, sentenci\u00f3\u00a0<\/p>\n","protected":false},"excerpt":{"rendered":"<p>Evlin Arag\u00f3n\/Zona Roja. Oaxaca de Ju\u00e1rez, Oax., 1 de noviembre de 2020.- El diputado local&hellip;<\/p>\n","protected":false},"author":2,"featured_media":19511,"comment_status":"closed","ping_status":"open","sticky":false,"template":"","format":"standard","meta":{"_lmt_disableupdate":"","_lmt_disable":"","_jetpack_memberships_contains_paid_content":false,"footnotes":""},"categories":[109,47],"tags":[612],"class_list":["post-19510","post","type-post","status-publish","format-standard","has-post-thumbnail","hentry","category-minuto-a-minuto","category-zona-gris","tag-cesar-morales-nino"],"jetpack_featured_media_url":"https:\/\/zonaroja.com.mx\/wp-content\/uploads\/2020\/11\/Iglesia-Tlaxiaco.jpg","jetpack_sharing_enabled":true,"_links":{"self":[{"href":"https:\/\/zonaroja.com.mx\/index.php?rest_route=\/wp\/v2\/posts\/19510","targetHints":{"allow":["GET"]}}],"collection":[{"href":"https:\/\/zonaroja.com.mx\/index.php?rest_route=\/wp\/v2\/posts"}],"about":[{"href":"https:\/\/zonaroja.com.mx\/index.php?rest_route=\/wp\/v2\/types\/post"}],"author":[{"embeddable":true,"href":"https:\/\/zonaroja.com.mx\/index.php?rest_route=\/wp\/v2\/users\/2"}],"replies":[{"embeddable":true,"href":"https:\/\/zonaroja.com.mx\/index.php?rest_route=%2Fwp%2Fv2%2Fcomments&post=19510"}],"version-history":[{"count":2,"href":"https:\/\/zonaroja.com.mx\/index.php?rest_route=\/wp\/v2\/posts\/19510\/revisions"}],"predecessor-version":[{"id":19513,"href":"https:\/\/zonaroja.com.mx\/index.php?rest_route=\/wp\/v2\/posts\/19510\/revisions\/19513"}],"wp:featuredmedia":[{"embeddable":true,"href":"https:\/\/zonaroja.com.mx\/index.php?rest_route=\/wp\/v2\/media\/19511"}],"wp:attachment":[{"href":"https:\/\/zonaroja.com.mx\/index.php?rest_route=%2Fwp%2Fv2%2Fmedia&parent=19510"}],"wp:term":[{"taxonomy":"category","embeddable":true,"href":"https:\/\/zonaroja.com.mx\/index.php?rest_route=%2Fwp%2Fv2%2Fcategories&post=19510"},{"taxonomy":"post_tag","embeddable":true,"href":"https:\/\/zonaroja.com.mx\/index.php?rest_route=%2Fwp%2Fv2%2Ftags&post=19510"}],"curies":[{"name":"wp","href":"https:\/\/api.w.org\/{rel}","templated":true}]}}