{"id":19514,"date":"2020-11-01T12:08:48","date_gmt":"2020-11-01T18:08:48","guid":{"rendered":"http:\/\/www.zonaroja.com.mx\/?p=19514"},"modified":"2020-11-01T12:09:17","modified_gmt":"2020-11-01T18:09:17","slug":"refuta-lopez-gatell-a-alcaldesa-de-pochutla-por-multas-por-no-usar-cubrebocas","status":"publish","type":"post","link":"https:\/\/zonaroja.com.mx\/?p=19514","title":{"rendered":"Refuta L\u00f3pez-Gatell a alcaldesa de Pochutla por multas por no usar cubrebocas"},"content":{"rendered":"\n<p>Redacci\u00f3n\/Zona Roja Cdmx.<\/p>\n\n\n\n<p>Ciudad de M\u00e9xico, 1 de noviembre de 2020.- El subsecretario de Prevenci\u00f3n y Promoci\u00f3n de la Salud, de la Secretar\u00eda de Salud federal, Hugo L\u00f3pez-Gatell, reprob\u00f3 la aplicaci\u00f3n de multas en M\u00e9xico a quienes no porten cubrebocas para evitar contagios de Covid-19.<\/p>\n\n\n\n<p>Ello en referencia a dos casos en Oaxaca, como es Puerto Escondido, del municipio de San Pedro Mixtepec, y San Pedro Pochutla, donde se aplican sanciones por no llevar la mascarilla en lugares p\u00fablicos.<\/p>\n\n\n\n<p>El caso m\u00e1s criticado es el de Pochutla, donde la alcaldesa surgida del Partido Morena, Saymi Pineda, aplica sanciones por 500 pesos a quienes no porten cubrebocas.<\/p>\n\n\n\n<p>El vocero federal de la pandemia, L\u00f3pez Gatell, dijo durante su m\u00e1s reciente conferencia de prensa que no es apropiado culpabilizar a los individuos, sino fomentar acciones colectivas de prevenci\u00f3n.<\/p>\n\n\n\n<p>\u201cEl gobierno federal tiene una postura clara ante el tema. Consideramos que no es apropiado, que no es \u00fatil, y en cambio, puede ser muy inconveniente el culpabilizar al individuo por un fen\u00f3meno que es colectivo\u201d, expres\u00f3.<\/p>\n\n\n\n<p>Record\u00f3 que el cubreboca es un instrumento complementario de la protecci\u00f3n para las dem\u00e1s personas, ya que no ayuda a que una persona no se infecte, sino como auxiliar para reducir las posibilidades de que una persona con el virus contagie a los dem\u00e1s.<\/p>\n\n\n\n<p>Record\u00f3 que, a lo largo de la historia, los decretos de prohibici\u00f3n tienden a estigmatizar y culpabilizar, y con frecuencia se asocian con actos de discriminaci\u00f3n, con frecuencia a minor\u00edas \u00e9tnicas, nacionales y diversidades sexogen\u00e9ricas, \u201ccomo ha ocurrido por m\u00e1s de 35 a\u00f1os con la epidemia del VIH-Sida\u201d.<\/p>\n","protected":false},"excerpt":{"rendered":"<p>Redacci\u00f3n\/Zona Roja Cdmx. Ciudad de M\u00e9xico, 1 de noviembre de 2020.- El subsecretario de Prevenci\u00f3n&hellip;<\/p>\n","protected":false},"author":2,"featured_media":19515,"comment_status":"closed","ping_status":"open","sticky":false,"template":"","format":"standard","meta":{"_lmt_disableupdate":"","_lmt_disable":"","_jetpack_memberships_contains_paid_content":false,"footnotes":""},"categories":[109,47],"tags":[2162],"class_list":["post-19514","post","type-post","status-publish","format-standard","has-post-thumbnail","hentry","category-minuto-a-minuto","category-zona-gris","tag-cubrebocas-pochutla"],"jetpack_featured_media_url":"https:\/\/zonaroja.com.mx\/wp-content\/uploads\/2020\/11\/Sanciones-cubreboca.jpeg","jetpack_sharing_enabled":true,"_links":{"self":[{"href":"https:\/\/zonaroja.com.mx\/index.php?rest_route=\/wp\/v2\/posts\/19514","targetHints":{"allow":["GET"]}}],"collection":[{"href":"https:\/\/zonaroja.com.mx\/index.php?rest_route=\/wp\/v2\/posts"}],"about":[{"href":"https:\/\/zonaroja.com.mx\/index.php?rest_route=\/wp\/v2\/types\/post"}],"author":[{"embeddable":true,"href":"https:\/\/zonaroja.com.mx\/index.php?rest_route=\/wp\/v2\/users\/2"}],"replies":[{"embeddable":true,"href":"https:\/\/zonaroja.com.mx\/index.php?rest_route=%2Fwp%2Fv2%2Fcomments&post=19514"}],"version-history":[{"count":2,"href":"https:\/\/zonaroja.com.mx\/index.php?rest_route=\/wp\/v2\/posts\/19514\/revisions"}],"predecessor-version":[{"id":19517,"href":"https:\/\/zonaroja.com.mx\/index.php?rest_route=\/wp\/v2\/posts\/19514\/revisions\/19517"}],"wp:featuredmedia":[{"embeddable":true,"href":"https:\/\/zonaroja.com.mx\/index.php?rest_route=\/wp\/v2\/media\/19515"}],"wp:attachment":[{"href":"https:\/\/zonaroja.com.mx\/index.php?rest_route=%2Fwp%2Fv2%2Fmedia&parent=19514"}],"wp:term":[{"taxonomy":"category","embeddable":true,"href":"https:\/\/zonaroja.com.mx\/index.php?rest_route=%2Fwp%2Fv2%2Fcategories&post=19514"},{"taxonomy":"post_tag","embeddable":true,"href":"https:\/\/zonaroja.com.mx\/index.php?rest_route=%2Fwp%2Fv2%2Ftags&post=19514"}],"curies":[{"name":"wp","href":"https:\/\/api.w.org\/{rel}","templated":true}]}}