{"id":19519,"date":"2020-11-01T15:44:50","date_gmt":"2020-11-01T21:44:50","guid":{"rendered":"http:\/\/www.zonaroja.com.mx\/?p=19519"},"modified":"2020-11-01T15:44:53","modified_gmt":"2020-11-01T21:44:53","slug":"rinden-homenaje-a-lona-en-tehuantepec-congreso-local-lamenta-deceso","status":"publish","type":"post","link":"https:\/\/zonaroja.com.mx\/?p=19519","title":{"rendered":"Rinden homenaje a Lona en Tehuantepec; Congreso local lamenta deceso"},"content":{"rendered":"\n<p>Redacci\u00f3n\/Zona Roja.<\/p>\n\n\n\n<p>Oaxaca de Ju\u00e1rez, Oax. 1 de noviembre de 2020.- En el templo de Santo Domingo Tehuantepec, esta ma\u00f1ana se le rindi\u00f3 homenaje al obispo em\u00e9rito Arturo Lona Reyes, cuyos restos fueron llevados en una urna.<\/p>\n\n\n\n<p>Decenas de feligreses estuvieron presentes en el servicio religioso para despedir al sacerdote originario de Aguascalientes, quien falleciera este s\u00e1bado 31 de octubre, v\u00edctima del Covid, a unas horas de cumplir 95 a\u00f1os de edad.<\/p>\n\n\n\n<p>En tanto, diputadas y diputados integrantes de la 64 legislatura del Congreso de Oaxaca lamentaron el fallecimiento del obispo em\u00e9rito de la Di\u00f3cesis Tehuantepec, monse\u00f1or Arturo Lona Reyes,<\/p>\n\n\n\n<p>Las y los representantes populares reconocieron el compromiso del extinto cl\u00e9rigo hacia las causas sociales, a los grupos m\u00e1s marginados, los ind\u00edgenas y pobres en la entidad.<\/p>\n\n\n\n<figure class=\"wp-block-image size-large\"><img decoding=\"async\" width=\"510\" height=\"680\" src=\"http:\/\/www.zonaroja.com.mx\/wp-content\/uploads\/2020\/11\/Restos-Arturo-Lona.jpg\" alt=\"\" class=\"wp-image-19521\" srcset=\"https:\/\/zonaroja.com.mx\/wp-content\/uploads\/2020\/11\/Restos-Arturo-Lona.jpg 510w, https:\/\/zonaroja.com.mx\/wp-content\/uploads\/2020\/11\/Restos-Arturo-Lona-225x300.jpg 225w\" sizes=\"(max-width: 510px) 100vw, 510px\" \/><\/figure>\n\n\n\n<p>Expresaron tener certeza que el ejemplo de vida del Lona Reyes, perdurar\u00e1 mediante las personas que siempre estuvieron a su lado, del prebisterio, sus familiares y la feligres\u00eda.<\/p>\n\n\n\n<p>El Obispo em\u00e9rito de la Di\u00f3cesis de Tehuantepec, Arturo Lona Reyes naci\u00f3 el 1 de noviembre de 1925, en Aguascalientes.<\/p>\n\n\n\n<p>En agosto del 2019, fue propuesto por congresistas de la 64 Legislatura, como candidato a ser galardonado con la medalla Belisario Dom\u00ednguez, que otorga el Senado de la Rep\u00fablica a ciudadanos y ciudadanas eminentes.<\/p>\n\n\n\n<p>Hasta el momento no se ha dado a conocer d\u00f3nde descansar\u00e1n los restos de quien fue llamado el \u00abObispo de los pobres\u00bb.<\/p>\n","protected":false},"excerpt":{"rendered":"<p>Redacci\u00f3n\/Zona Roja. Oaxaca de Ju\u00e1rez, Oax. 1 de noviembre de 2020.- En el templo de&hellip;<\/p>\n","protected":false},"author":2,"featured_media":19520,"comment_status":"closed","ping_status":"open","sticky":false,"template":"","format":"standard","meta":{"_lmt_disableupdate":"","_lmt_disable":"","_jetpack_memberships_contains_paid_content":false,"footnotes":""},"categories":[109,47],"tags":[213],"class_list":["post-19519","post","type-post","status-publish","format-standard","has-post-thumbnail","hentry","category-minuto-a-minuto","category-zona-gris","tag-64-legislatura-de-oaxaca"],"jetpack_featured_media_url":"https:\/\/zonaroja.com.mx\/wp-content\/uploads\/2020\/11\/Reunion-de-diputados-y-diputadas-de-la-LXIV-Legislatura-con-el-Obispo-emerito-de-Tehuantepec-Arturo-Luna-Reyes-de-fecha-20-de-marzo-del-2019-2.jpg","jetpack_sharing_enabled":true,"_links":{"self":[{"href":"https:\/\/zonaroja.com.mx\/index.php?rest_route=\/wp\/v2\/posts\/19519","targetHints":{"allow":["GET"]}}],"collection":[{"href":"https:\/\/zonaroja.com.mx\/index.php?rest_route=\/wp\/v2\/posts"}],"about":[{"href":"https:\/\/zonaroja.com.mx\/index.php?rest_route=\/wp\/v2\/types\/post"}],"author":[{"embeddable":true,"href":"https:\/\/zonaroja.com.mx\/index.php?rest_route=\/wp\/v2\/users\/2"}],"replies":[{"embeddable":true,"href":"https:\/\/zonaroja.com.mx\/index.php?rest_route=%2Fwp%2Fv2%2Fcomments&post=19519"}],"version-history":[{"count":1,"href":"https:\/\/zonaroja.com.mx\/index.php?rest_route=\/wp\/v2\/posts\/19519\/revisions"}],"predecessor-version":[{"id":19522,"href":"https:\/\/zonaroja.com.mx\/index.php?rest_route=\/wp\/v2\/posts\/19519\/revisions\/19522"}],"wp:featuredmedia":[{"embeddable":true,"href":"https:\/\/zonaroja.com.mx\/index.php?rest_route=\/wp\/v2\/media\/19520"}],"wp:attachment":[{"href":"https:\/\/zonaroja.com.mx\/index.php?rest_route=%2Fwp%2Fv2%2Fmedia&parent=19519"}],"wp:term":[{"taxonomy":"category","embeddable":true,"href":"https:\/\/zonaroja.com.mx\/index.php?rest_route=%2Fwp%2Fv2%2Fcategories&post=19519"},{"taxonomy":"post_tag","embeddable":true,"href":"https:\/\/zonaroja.com.mx\/index.php?rest_route=%2Fwp%2Fv2%2Ftags&post=19519"}],"curies":[{"name":"wp","href":"https:\/\/api.w.org\/{rel}","templated":true}]}}