{"id":19523,"date":"2020-11-01T15:54:48","date_gmt":"2020-11-01T21:54:48","guid":{"rendered":"http:\/\/www.zonaroja.com.mx\/?p=19523"},"modified":"2020-11-01T15:54:52","modified_gmt":"2020-11-01T21:54:52","slug":"denuncian-abuso-y-maltrato-de-funcionarios-de-seguridad-del-municipio-de-oaxaca","status":"publish","type":"post","link":"https:\/\/zonaroja.com.mx\/?p=19523","title":{"rendered":"Denuncian abuso y maltrato de funcionarios de seguridad del municipio de Oaxaca"},"content":{"rendered":"\n<p>Evlin Arag\u00f3n\/Zona Roja.<\/p>\n\n\n\n<p>Oaxaca de Ju\u00e1rez, Oax., 1 de noviembre de 2020.- Una multa exagerada y un trato denigrante origin\u00f3 una falta administrativa por parte de un ciudadano capitalino, que denunci\u00f3 una serie de abuso e irregularidades al interior de la corporaci\u00f3n de seguridad del municipio de Oaxaca de Ju\u00e1rez por lo que exigi\u00f3 la destituci\u00f3n del personal a cargo.&nbsp;<\/p>\n\n\n\n<p>Todo comenz\u00f3 la noche del 29 de octubre cuando Eduardo Miguel M\u00e9ndez Valdivieso intent\u00f3 dejar la basura a las afueras de su vivienda, lo cual est\u00e1 prohibido y amerita una sanci\u00f3n, por lo que al ser alertado por los polic\u00edas municipales, recapacit\u00f3 y regres\u00f3 los residuos a su vivienda.<\/p>\n\n\n\n<p>Aunque reconoci\u00f3 su falta, fue remitido a las autoridades para cubrir la multa administrativa, recibiendo un buen trato por parte de los elementos policiacos que, a pesar de haber discutido con ellos, demostraron respeto y cuidado de los derechos del ciudadano.&nbsp;<\/p>\n\n\n\n<p>Sin embargo, fue al interior de las instalaciones de la Direcci\u00f3n de Seguridad y Vialidad P\u00fablica ubicadas a un costado de la sede del ayuntamiento, que fue humillado, denigrado y violentado en sus derechos humanos por parte del personal administrativo incluido la m\u00e9dico y la juez calificadora Natalia Morales.&nbsp;<\/p>\n\n\n\n<p>\u201cComo dato, lo primero que veo al ingresar fue a un polic\u00eda viendo pornograf\u00eda en una de las computadoras de la corporaci\u00f3n, luego me cuestionan sobre mis adicciones, siendo que yo no consumo ning\u00fan tipo de estupefacientes, me estaban tratando como un delincuente a pesar de que sab\u00edan que se trataba de una falta administrativa\u201d, denunci\u00f3 a trav\u00e9s de sus redes sociales.<\/p>\n\n\n\n<p>M\u00e9ndez Valdivieso acus\u00f3 que fue obligado a desnudarse ante el personal m\u00e9dico, lo cual considera no era necesario ante una falta administrativa y posteriormente fue denigrado por la juez calificadora Natalia Morales que incluso se burl\u00f3 de \u00e9l cuando le advirti\u00f3 que sent\u00eda vulnerados sus derechos humanos.<\/p>\n\n\n\n<p>\u201cCon una risa burlona me dijo que hab\u00eda estado en el puesto m\u00e1s alto de la Defensor\u00eda de Derechos Humanos y la conoc\u00edan, dando a entender que ya daba por superado el tema\u201d, manifest\u00f3.\u00a0<\/p>\n\n\n\n<figure class=\"wp-block-embed-twitter wp-block-embed is-type-rich is-provider-twitter\"><div class=\"wp-block-embed__wrapper\">\n<div class=\"twitter-tweet\"><blockquote class=\"twitter-tweet\" data-lang=\"es\"><p lang=\"es\" dir=\"ltr\"><a href=\"https:\/\/twitter.com\/hashtag\/OaxacaGris?src=hash&amp;ref_src=twsrc%5Etfw\">#OaxacaGris<\/a><br>\u00bfC\u00f3mo ve? Una multa exagerada y un trato denigrante fue el resultado de una falta administrativa que sufri\u00f3 un ciudadano capitalino, que denunci\u00f3 una serie de abuso e irregularidades al interior de la corporaci\u00f3n de seguridad del <a href=\"https:\/\/twitter.com\/MunicipioOaxaca?ref_src=twsrc%5Etfw\">@MunicipioOaxaca<\/a>. <a href=\"https:\/\/t.co\/zGqubPIV7y\">pic.twitter.com\/zGqubPIV7y<\/a><\/p>&mdash; Zona Roja Oaxaca (@MexRoja) <a href=\"https:\/\/twitter.com\/MexRoja\/status\/1322989469906075648?ref_src=twsrc%5Etfw\">1 de noviembre de 2020<\/a><\/blockquote><\/div>\n<\/div><\/figure>\n\n\n\n<p>Posteriormente y pese a no tratarse de una falta grave, lo ingresaron a los separos que debido a su infraestructura rompen con todos los protocolos de sana distancia por la pandemia; tres personas o m\u00e1s personas en una misma celda en donde adem\u00e1s se escuchaban tosidos, solo para dar un ejemplo.&nbsp;<\/p>\n\n\n\n<p>\u201cTodo lo anterior me hace pensar que, si yo por una falta administrativa fui desnudado, insultado y vejado, que es lo que har\u00e1n con otras personas\u201d, refiri\u00f3 el ciudadano que adem\u00e1s tuvo que pagar una exagerada multa de siete mil pesos por una falta administrativa que nunca se consum\u00f3.&nbsp;&nbsp;<\/p>\n\n\n\n<p>Por lo anterior, hizo un llamado al presidente municipal, Oswaldo Garc\u00eda Jarqu\u00edn, de quien dijo conoce su calidad moral, para que tome cartas en el asunto evalu\u00e9 al personal administrativo que labora en Seguridad P\u00fablica, sancione y remueva de su cargo a la juez calificadora y a la m\u00e9dico que incurrieron en violaciones a los derechos humanos de la ciudadan\u00eda.&nbsp;<\/p>\n\n\n\n<p>\u201cEntiendo que yo comet\u00ed un error al intentar dejar la basura en la calle, pero nadie se merece este tipo de maltrato ni vejaciones\u201d, sentenci\u00f3, a la par que insisti\u00f3 en solicitar sanciones para el funcionariado que comete abusos en contra de la ciudadan\u00eda.&nbsp;<\/p>\n","protected":false},"excerpt":{"rendered":"<p>Evlin Arag\u00f3n\/Zona Roja. Oaxaca de Ju\u00e1rez, Oax., 1 de noviembre de 2020.- Una multa exagerada&hellip;<\/p>\n","protected":false},"author":2,"featured_media":19524,"comment_status":"closed","ping_status":"open","sticky":false,"template":"","format":"standard","meta":{"_lmt_disableupdate":"","_lmt_disable":"","_jetpack_memberships_contains_paid_content":false,"footnotes":""},"categories":[109,47],"tags":[148],"class_list":["post-19523","post","type-post","status-publish","format-standard","has-post-thumbnail","hentry","category-minuto-a-minuto","category-zona-gris","tag-oaxaca-de-juarez"],"jetpack_featured_media_url":"https:\/\/zonaroja.com.mx\/wp-content\/uploads\/2020\/11\/Eduardo-Miguel-Mendez.jpg","jetpack_sharing_enabled":true,"_links":{"self":[{"href":"https:\/\/zonaroja.com.mx\/index.php?rest_route=\/wp\/v2\/posts\/19523","targetHints":{"allow":["GET"]}}],"collection":[{"href":"https:\/\/zonaroja.com.mx\/index.php?rest_route=\/wp\/v2\/posts"}],"about":[{"href":"https:\/\/zonaroja.com.mx\/index.php?rest_route=\/wp\/v2\/types\/post"}],"author":[{"embeddable":true,"href":"https:\/\/zonaroja.com.mx\/index.php?rest_route=\/wp\/v2\/users\/2"}],"replies":[{"embeddable":true,"href":"https:\/\/zonaroja.com.mx\/index.php?rest_route=%2Fwp%2Fv2%2Fcomments&post=19523"}],"version-history":[{"count":1,"href":"https:\/\/zonaroja.com.mx\/index.php?rest_route=\/wp\/v2\/posts\/19523\/revisions"}],"predecessor-version":[{"id":19525,"href":"https:\/\/zonaroja.com.mx\/index.php?rest_route=\/wp\/v2\/posts\/19523\/revisions\/19525"}],"wp:featuredmedia":[{"embeddable":true,"href":"https:\/\/zonaroja.com.mx\/index.php?rest_route=\/wp\/v2\/media\/19524"}],"wp:attachment":[{"href":"https:\/\/zonaroja.com.mx\/index.php?rest_route=%2Fwp%2Fv2%2Fmedia&parent=19523"}],"wp:term":[{"taxonomy":"category","embeddable":true,"href":"https:\/\/zonaroja.com.mx\/index.php?rest_route=%2Fwp%2Fv2%2Fcategories&post=19523"},{"taxonomy":"post_tag","embeddable":true,"href":"https:\/\/zonaroja.com.mx\/index.php?rest_route=%2Fwp%2Fv2%2Ftags&post=19523"}],"curies":[{"name":"wp","href":"https:\/\/api.w.org\/{rel}","templated":true}]}}