{"id":19526,"date":"2020-11-01T18:07:46","date_gmt":"2020-11-02T00:07:46","guid":{"rendered":"http:\/\/www.zonaroja.com.mx\/?p=19526"},"modified":"2020-11-01T18:07:49","modified_gmt":"2020-11-02T00:07:49","slug":"golpean-a-un-recluso-en-miahuatlan-oaxaca-la-cndh-pide-reparar-danos","status":"publish","type":"post","link":"https:\/\/zonaroja.com.mx\/?p=19526","title":{"rendered":"Golpean a un recluso en Miahuatl\u00e1n, Oaxaca; la CNDH pide reparar da\u00f1os"},"content":{"rendered":"\n<p>Redacci\u00f3n\/Zona Roja Cdmx.<\/p>\n\n\n\n<p>Ciudad de M\u00e9xico, 1 de noviembre de 2020.- Un interno del Centro Federal de Reinserci\u00f3n Social n\u00famero 13, con sede en Miahuatl\u00e1n de Porfirio D\u00edaz, fue golpeado por al menos cuatro elementos de seguridad y custodia.<\/p>\n\n\n\n<p>Y no solamente eso, sino que tuvieron que pasar cuatro d\u00edas que la v\u00edctima fuera atendida por un m\u00e9dico. Ante ello, familiares del preso interpusieron una queja en la Comisi\u00f3n Nacional de los Derechos Humanos.<\/p>\n\n\n\n<p>El organismo inici\u00f3 indagatorias y determin\u00f3 que s\u00ed fueron violados los derechos humanos y a la salud, entre otros, del individuo, hechos ocurridos el 30 de noviembre del a\u00f1o pasado y fue hasta el 4 de diciembre anterior que fue atendido y llevado a un hospital.<\/p>\n\n\n\n<p>La CNDH emiti\u00f3 una recomendaci\u00f3n a la Secretar\u00eda de Seguridad y Protecci\u00f3n Ciudadana, bajo el expediente 47\/2020, para que se sancione a los probables responsables.<\/p>\n\n\n\n<p>Seg\u00fan dicha recomendaci\u00f3n, el interno \u00abfue diagnosticado con hematoma renal izquierdo\u00bb, por lo que fue objeto de intervenci\u00f3n quir\u00fargica el 14 de diciembre. El diagn\u00f3stico final fue \u00abcontusi\u00f3n de la pared abdominal. Traumatismo de vasos sangu\u00edneos renales. Hidronefrosis con estrechez ureteral\u00bb. Todo por los golpes recibidos, que la CNDH calific\u00f3 de tortura.<\/p>\n\n\n\n<p>La recomendaci\u00f3n fue enviada al comisionado de Prevenci\u00f3n y Readaptaci\u00f3n Social, Jos\u00e9 \u00c1ngel \u00c1vila P\u00e9rez, donde se acusa de violaci\u00f3n de derechos humanos y tortura del preso por parte de cinco servidores p\u00fablicos, seg\u00fan una informaci\u00f3n del diario \u201cMilenio\u201d.<\/p>\n\n\n\n<p>En la revisi\u00f3n del expediente CNDH\/3\/2020\/914\/Q, el personal de la CNDH corrobor\u00f3 que \u00ablas lesiones que present\u00f3 el paciente fueron consecuencia del uso excesivo de la fuerza\u00bb por parte de ese personal.<\/p>\n\n\n\n<p>Paralelamente se determin\u00f3 que \u00abel da\u00f1o irreversible en el ri\u00f1\u00f3n del lado izquierdo fue secundario al traumatismo que sufri\u00f3\u00bb debido a los golpes recibidos.&nbsp;<\/p>\n\n\n\n<p>La responsabilidad recay\u00f3 en cuatro custodios y un funcionario porque \u00abno existiera reporte y\/o denuncia de alg\u00fan incidente que refiera que la v\u00edctima fue agredida al interior del Cefereso, no exime de responsabilidad a las autoridades penitenciarias del mismo, en espec\u00edfico, a su entonces titular\u00bb.&nbsp; El informe detalla que los hechos fueron ocultados por el personal penitenciario, \u00abquienes impidieron que la persona privada de su libertad tuviera acceso al servicio m\u00e9dico\u00bb.&nbsp; La CNDH pidi\u00f3 la reparaci\u00f3n del da\u00f1o a la v\u00edctima y abrir un expediente ante la Fiscal\u00eda General de la Rep\u00fablica (FGR) en contra de los cinco funcionarios que intervinieron en los hechos, detalla la publicaci\u00f3n de \u201cMilenio\u201d<\/p>\n","protected":false},"excerpt":{"rendered":"<p>Redacci\u00f3n\/Zona Roja Cdmx. Ciudad de M\u00e9xico, 1 de noviembre de 2020.- Un interno del Centro&hellip;<\/p>\n","protected":false},"author":2,"featured_media":11070,"comment_status":"closed","ping_status":"open","sticky":false,"template":"","format":"standard","meta":{"_lmt_disableupdate":"","_lmt_disable":"","_jetpack_memberships_contains_paid_content":false,"footnotes":""},"categories":[109,47],"tags":[2163],"class_list":["post-19526","post","type-post","status-publish","format-standard","has-post-thumbnail","hentry","category-minuto-a-minuto","category-zona-gris","tag-centro-de-reinsercion-federal-miahuatlan"],"jetpack_featured_media_url":"https:\/\/zonaroja.com.mx\/wp-content\/uploads\/2020\/04\/Cefereso-Miahuatl\u00e1n.jpg","jetpack_sharing_enabled":true,"_links":{"self":[{"href":"https:\/\/zonaroja.com.mx\/index.php?rest_route=\/wp\/v2\/posts\/19526","targetHints":{"allow":["GET"]}}],"collection":[{"href":"https:\/\/zonaroja.com.mx\/index.php?rest_route=\/wp\/v2\/posts"}],"about":[{"href":"https:\/\/zonaroja.com.mx\/index.php?rest_route=\/wp\/v2\/types\/post"}],"author":[{"embeddable":true,"href":"https:\/\/zonaroja.com.mx\/index.php?rest_route=\/wp\/v2\/users\/2"}],"replies":[{"embeddable":true,"href":"https:\/\/zonaroja.com.mx\/index.php?rest_route=%2Fwp%2Fv2%2Fcomments&post=19526"}],"version-history":[{"count":1,"href":"https:\/\/zonaroja.com.mx\/index.php?rest_route=\/wp\/v2\/posts\/19526\/revisions"}],"predecessor-version":[{"id":19527,"href":"https:\/\/zonaroja.com.mx\/index.php?rest_route=\/wp\/v2\/posts\/19526\/revisions\/19527"}],"wp:featuredmedia":[{"embeddable":true,"href":"https:\/\/zonaroja.com.mx\/index.php?rest_route=\/wp\/v2\/media\/11070"}],"wp:attachment":[{"href":"https:\/\/zonaroja.com.mx\/index.php?rest_route=%2Fwp%2Fv2%2Fmedia&parent=19526"}],"wp:term":[{"taxonomy":"category","embeddable":true,"href":"https:\/\/zonaroja.com.mx\/index.php?rest_route=%2Fwp%2Fv2%2Fcategories&post=19526"},{"taxonomy":"post_tag","embeddable":true,"href":"https:\/\/zonaroja.com.mx\/index.php?rest_route=%2Fwp%2Fv2%2Ftags&post=19526"}],"curies":[{"name":"wp","href":"https:\/\/api.w.org\/{rel}","templated":true}]}}