{"id":19528,"date":"2020-11-01T18:37:15","date_gmt":"2020-11-02T00:37:15","guid":{"rendered":"http:\/\/www.zonaroja.com.mx\/?p=19528"},"modified":"2020-11-01T18:37:19","modified_gmt":"2020-11-02T00:37:19","slug":"mueren-cinco-personas-en-accidente-vehicular-en-la-region-mixteca","status":"publish","type":"post","link":"https:\/\/zonaroja.com.mx\/?p=19528","title":{"rendered":"Mueren cinco personas en accidente vehicular en la regi\u00f3n Mixteca"},"content":{"rendered":"\n<p>Ismael Garc\u00eda M.\/Zona Roja.<\/p>\n\n\n\n<p>Oaxaca de Ju\u00e1rez, Oax., 1 de noviembre de 2020.- Al menos cinco personas perdieron la vida y unas cinco m\u00e1s resultaron lesionadas, debido a un accidente carretero ocurrido la ma\u00f1ana de este domingo en un camino local a San Juan Diuxi, municipio de la regi\u00f3n Mixteca de Oaxaca.<\/p>\n\n\n\n<p>Una camioneta doble cabina de color negra volc\u00f3 hacia un barranco, por causas hasta ahora desconocidas, lo que origin\u00f3 el fatal percance.<\/p>\n\n\n\n<figure class=\"wp-block-embed-twitter wp-block-embed is-type-rich is-provider-twitter\"><div class=\"wp-block-embed__wrapper\">\n<div class=\"twitter-tweet\"><blockquote class=\"twitter-tweet\" data-lang=\"es\"><p lang=\"es\" dir=\"ltr\"><a href=\"https:\/\/twitter.com\/hashtag\/%C3%9AltimoMinuto?src=hash&amp;ref_src=twsrc%5Etfw\">#\u00daltimoMinuto<\/a> <br>Precauci\u00f3n, \u00a1im\u00e1genes fuertes!<br><br>Estos son aspectos del accidente y rescate de los cuerpos sin vida, de manera preliminar seis, en San Juan <a href=\"https:\/\/twitter.com\/hashtag\/Diux?src=hash&amp;ref_src=twsrc%5Etfw\">#Diux<\/a> i, Asunci\u00f3n <a href=\"https:\/\/twitter.com\/hashtag\/Nochixtl%C3%A1n?src=hash&amp;ref_src=twsrc%5Etfw\">#Nochixtl\u00e1n<\/a>, <a href=\"https:\/\/twitter.com\/hashtag\/Oaxaca?src=hash&amp;ref_src=twsrc%5Etfw\">#Oaxaca<\/a>. <br><br>Video: cortes\u00eda <a href=\"https:\/\/t.co\/94NfDxSpxm\">pic.twitter.com\/94NfDxSpxm<\/a><\/p>&mdash; Zona Roja Oaxaca (@MexRoja) <a href=\"https:\/\/twitter.com\/MexRoja\/status\/1323034136949460993?ref_src=twsrc%5Etfw\">1 de noviembre de 2020<\/a><\/blockquote><\/div>\n<\/div><\/figure>\n\n\n\n<p>El se\u00f1or Pascual Hern\u00e1ndez era uno de los ocupantes de la unidad de motor y corrobor\u00f3 el percance; dijo que se dirig\u00edan a la comunidad de Las Palmas, perteneciente a Santiago Tilantongo.<\/p>\n\n\n\n<p>Cuerpos de rescate acudieron a la zona para apoyar la recuperaci\u00f3n de cuerpos sin vida, as\u00ed como trasladar a los heridos al hospital de Asunci\u00f3n Nochixtl\u00e1n. Hasta el momento no hay informaci\u00f3n acerca del apoyo que habr\u00edan otorgado instituciones del Gobierno del Estado.<\/p>\n","protected":false},"excerpt":{"rendered":"<p>Ismael Garc\u00eda M.\/Zona Roja. Oaxaca de Ju\u00e1rez, Oax., 1 de noviembre de 2020.- Al menos&hellip;<\/p>\n","protected":false},"author":2,"featured_media":19529,"comment_status":"closed","ping_status":"open","sticky":false,"template":"","format":"standard","meta":{"_lmt_disableupdate":"","_lmt_disable":"","_jetpack_memberships_contains_paid_content":false,"footnotes":""},"categories":[109,47],"tags":[2164],"class_list":["post-19528","post","type-post","status-publish","format-standard","has-post-thumbnail","hentry","category-minuto-a-minuto","category-zona-gris","tag-san-juan-diuxi"],"jetpack_featured_media_url":"https:\/\/zonaroja.com.mx\/wp-content\/uploads\/2020\/11\/Accidente-San-Juan-Diuxi.jpg","jetpack_sharing_enabled":true,"_links":{"self":[{"href":"https:\/\/zonaroja.com.mx\/index.php?rest_route=\/wp\/v2\/posts\/19528","targetHints":{"allow":["GET"]}}],"collection":[{"href":"https:\/\/zonaroja.com.mx\/index.php?rest_route=\/wp\/v2\/posts"}],"about":[{"href":"https:\/\/zonaroja.com.mx\/index.php?rest_route=\/wp\/v2\/types\/post"}],"author":[{"embeddable":true,"href":"https:\/\/zonaroja.com.mx\/index.php?rest_route=\/wp\/v2\/users\/2"}],"replies":[{"embeddable":true,"href":"https:\/\/zonaroja.com.mx\/index.php?rest_route=%2Fwp%2Fv2%2Fcomments&post=19528"}],"version-history":[{"count":1,"href":"https:\/\/zonaroja.com.mx\/index.php?rest_route=\/wp\/v2\/posts\/19528\/revisions"}],"predecessor-version":[{"id":19530,"href":"https:\/\/zonaroja.com.mx\/index.php?rest_route=\/wp\/v2\/posts\/19528\/revisions\/19530"}],"wp:featuredmedia":[{"embeddable":true,"href":"https:\/\/zonaroja.com.mx\/index.php?rest_route=\/wp\/v2\/media\/19529"}],"wp:attachment":[{"href":"https:\/\/zonaroja.com.mx\/index.php?rest_route=%2Fwp%2Fv2%2Fmedia&parent=19528"}],"wp:term":[{"taxonomy":"category","embeddable":true,"href":"https:\/\/zonaroja.com.mx\/index.php?rest_route=%2Fwp%2Fv2%2Fcategories&post=19528"},{"taxonomy":"post_tag","embeddable":true,"href":"https:\/\/zonaroja.com.mx\/index.php?rest_route=%2Fwp%2Fv2%2Ftags&post=19528"}],"curies":[{"name":"wp","href":"https:\/\/api.w.org\/{rel}","templated":true}]}}