{"id":19531,"date":"2020-11-01T19:44:35","date_gmt":"2020-11-02T01:44:35","guid":{"rendered":"http:\/\/www.zonaroja.com.mx\/?p=19531"},"modified":"2020-11-01T19:44:40","modified_gmt":"2020-11-02T01:44:40","slug":"ejecutan-a-joven-en-tehuantepec-fueron-4-muertos-el-31-de-octubre","status":"publish","type":"post","link":"https:\/\/zonaroja.com.mx\/?p=19531","title":{"rendered":"Ejecutan a joven en Tehuantepec; fueron 4 muertos el 31 de octubre"},"content":{"rendered":"\n<p>Ismael Garc\u00eda M.\/Zona Roja. Foto: BBM Noticias<\/p>\n\n\n\n<p>Oaxaca de Ju\u00e1rez, Oax., 1 de noviembre de 2020.- Un joven fue ejecutado a balazos anoche en la agencia de San Luis Rey, perteneciente al municipio de Santo Domingo Tehuantepec, Oaxaca.<\/p>\n\n\n\n<p>Con ese caso, suman cuatro personas las que perdieron la vida este s\u00e1bado 31 de octubre en igual n\u00famero de hechos fatales.<\/p>\n\n\n\n<p>Miguel \u00c1ngel Garc\u00eda Mart\u00ednez, de 29 a\u00f1os de edad, cenaba en un local de alimentos ubicado en la calle de avenida Hidalgo esquina con Josefa Ortiz de Dom\u00ednguez de San Luis Rey, cuando sujetos armados llegaron y le dispararon de manera directa.<\/p>\n\n\n\n<p>El cuerpo qued\u00f3 sobre una silla en el lugar de los hechos; param\u00e9dicos de la Cruz Roja Mexicana arribaron al lugar pero corroboraron que el individuo ya hab\u00eda perdido la vida; hasta ahora no hay personas detenidas.<\/p>\n\n\n\n<p>Entre otros hechos violentos, ayer por la tarde fue ejecutado un taxista, de nombre , en la carretera Panamericana, tramo La Venta-La Ventosa, Juchit\u00e1n de Zaragoza.<\/p>\n\n\n\n<p>Despu\u00e9s del mediod\u00eda, en la v\u00eda federal 190 Oaxaca-Istmo, a la altura de La Reforma, San Carlos Yautepec, se accident\u00f3 una camioneta cargada con combustible, que explot\u00f3; en el interior muri\u00f3 calcinado el chofer, a\u00fan no identificado legalmente.<\/p>\n\n\n\n<p>En tanto, que la ma\u00f1ana de este 31 de octubre, se volc\u00f3 un cami\u00f3n tipo volteo, con placas de circulaci\u00f3n RX66166, en la carretera federal 131, a la altura de la comunidad de El Trapiche, Zimatl\u00e1n.<\/p>\n\n\n\n<p>La pesada unidad, cargada de ladrillos, cay\u00f3 encima del chofer, identificado como C\u00e9sar B. S., de 29 a\u00f1os de edad, quien muri\u00f3 al instante.<\/p>\n","protected":false},"excerpt":{"rendered":"<p>Ismael Garc\u00eda M.\/Zona Roja. Foto: BBM Noticias Oaxaca de Ju\u00e1rez, Oax., 1 de noviembre de&hellip;<\/p>\n","protected":false},"author":2,"featured_media":19532,"comment_status":"closed","ping_status":"open","sticky":false,"template":"","format":"standard","meta":{"_lmt_disableupdate":"","_lmt_disable":"","_jetpack_memberships_contains_paid_content":false,"footnotes":""},"categories":[109,47],"tags":[2165],"class_list":["post-19531","post","type-post","status-publish","format-standard","has-post-thumbnail","hentry","category-minuto-a-minuto","category-zona-gris","tag-san-luis-rey-tehuantepec"],"jetpack_featured_media_url":"https:\/\/zonaroja.com.mx\/wp-content\/uploads\/2020\/11\/Ejecutado-San-Luis-Rey.jpg","jetpack_sharing_enabled":true,"_links":{"self":[{"href":"https:\/\/zonaroja.com.mx\/index.php?rest_route=\/wp\/v2\/posts\/19531","targetHints":{"allow":["GET"]}}],"collection":[{"href":"https:\/\/zonaroja.com.mx\/index.php?rest_route=\/wp\/v2\/posts"}],"about":[{"href":"https:\/\/zonaroja.com.mx\/index.php?rest_route=\/wp\/v2\/types\/post"}],"author":[{"embeddable":true,"href":"https:\/\/zonaroja.com.mx\/index.php?rest_route=\/wp\/v2\/users\/2"}],"replies":[{"embeddable":true,"href":"https:\/\/zonaroja.com.mx\/index.php?rest_route=%2Fwp%2Fv2%2Fcomments&post=19531"}],"version-history":[{"count":1,"href":"https:\/\/zonaroja.com.mx\/index.php?rest_route=\/wp\/v2\/posts\/19531\/revisions"}],"predecessor-version":[{"id":19533,"href":"https:\/\/zonaroja.com.mx\/index.php?rest_route=\/wp\/v2\/posts\/19531\/revisions\/19533"}],"wp:featuredmedia":[{"embeddable":true,"href":"https:\/\/zonaroja.com.mx\/index.php?rest_route=\/wp\/v2\/media\/19532"}],"wp:attachment":[{"href":"https:\/\/zonaroja.com.mx\/index.php?rest_route=%2Fwp%2Fv2%2Fmedia&parent=19531"}],"wp:term":[{"taxonomy":"category","embeddable":true,"href":"https:\/\/zonaroja.com.mx\/index.php?rest_route=%2Fwp%2Fv2%2Fcategories&post=19531"},{"taxonomy":"post_tag","embeddable":true,"href":"https:\/\/zonaroja.com.mx\/index.php?rest_route=%2Fwp%2Fv2%2Ftags&post=19531"}],"curies":[{"name":"wp","href":"https:\/\/api.w.org\/{rel}","templated":true}]}}