{"id":19538,"date":"2020-11-02T07:34:51","date_gmt":"2020-11-02T13:34:51","guid":{"rendered":"http:\/\/www.zonaroja.com.mx\/?p=19538"},"modified":"2020-11-02T07:34:55","modified_gmt":"2020-11-02T13:34:55","slug":"identifican-a-joven-asesinado-en-la-capital-de-oaxaca-exigen-justicia","status":"publish","type":"post","link":"https:\/\/zonaroja.com.mx\/?p=19538","title":{"rendered":"Identifican a joven asesinado en la capital de Oaxaca; exigen justicia"},"content":{"rendered":"\n<p>Ismael Garc\u00eda M.\/Zona Roja.<\/p>\n\n\n\n<p>Oaxaca de Ju\u00e1rez, Oax., 2 de noviembre de 2020.- Como Armando Zen\u00f3n Garc\u00eda fue identificado el joven asesinado ayer por la madrugada en el Centro Hist\u00f3rico de la ciudad de Oaxaca, cuando sal\u00eda de trabajar en un bar.<\/p>\n\n\n\n<p>Familiares y empresarios demandaron justicia por el crimen y exigieron al ayuntamiento de Oaxaca de Ju\u00e1rez, que encabeza Oswaldo Garc\u00eda Jarqu\u00edn, implemente operativos efectivos de seguridad, pues a cualquier hora del d\u00eda se comenten delitos en la ciudad.<\/p>\n\n\n\n<p>Armando sal\u00eda de su trabajo en un bar cuando fue asaltado y atacado con arma blanca, en la calle Tinoco y Palacios casi esquina con avenida Independencia, a unas tres cuadras de la sede del gobierno municipal y del cuartel de la polic\u00eda; los agresores huyeron.<\/p>\n\n\n\n<figure class=\"wp-block-embed-twitter wp-block-embed is-type-rich is-provider-twitter\"><div class=\"wp-block-embed__wrapper\">\n<div class=\"twitter-tweet\"><blockquote class=\"twitter-tweet\" data-lang=\"es\"><p lang=\"es\" dir=\"ltr\">A toda la sociedad oaxaque\u00f1a, agradeceremos nos ayuden a compartir esta informaci\u00f3n.<a href=\"https:\/\/twitter.com\/hashtag\/Oaxaca?src=hash&amp;ref_src=twsrc%5Etfw\">#Oaxaca<\/a> <a href=\"https:\/\/twitter.com\/hashtag\/TwitterOax?src=hash&amp;ref_src=twsrc%5Etfw\">#TwitterOax<\/a> <a href=\"https:\/\/t.co\/XLVfB4N8Kr\">pic.twitter.com\/XLVfB4N8Kr<\/a><\/p>&mdash; Los Danzantes Oaxaca (@Losdanzantesoax) <a href=\"https:\/\/twitter.com\/Losdanzantesoax\/status\/1323005983728304131?ref_src=twsrc%5Etfw\">1 de noviembre de 2020<\/a><\/blockquote><\/div>\n<\/div><\/figure>\n\n\n\n<p>El joven ten\u00eda su domicilio en la colonia 25 de Enero de Santa Luc\u00eda del Camino y dej\u00f3 en la orfandad a una menor de cuatro a\u00f1os de edad.<\/p>\n\n\n\n<p>La empresa \u201cLos Danzantes\u201d emiti\u00f3 un comunicado para precisar que Armando Zen\u00f3n Garc\u00eda labor\u00f3 por varios a\u00f1os y hasta mayo en dicho restaurante-bar, ubicado en la calle Macedonio Alcal\u00e1 de la capital.<\/p>\n\n\n\n<p>\u201cLamentamos el sensible fallecimiento de Armando, una persona \u00edntegra que durante muchos a\u00f1os fue parte de la familia \u2018Danzantes\u2019 y quien entreg\u00f3 su tiempo, pasi\u00f3n y cari\u00f1o a todos los que tuvimos la oportunidad de conocerlo.<\/p>\n\n\n\n<p>\u201cHacemos un llamado a las autoridades del municipio de Oaxaca de Ju\u00e1rez para reforzar las medidas de seguridad, acciones que garanticen la salvaguarda de todas y cada una de las personas que habitamos en esta ciudad\u201d, difundi\u00f3.<\/p>\n","protected":false},"excerpt":{"rendered":"<p>Ismael Garc\u00eda M.\/Zona Roja. Oaxaca de Ju\u00e1rez, Oax., 2 de noviembre de 2020.- Como Armando&hellip;<\/p>\n","protected":false},"author":2,"featured_media":19539,"comment_status":"closed","ping_status":"open","sticky":false,"template":"","format":"standard","meta":{"_lmt_disableupdate":"","_lmt_disable":"","_jetpack_memberships_contains_paid_content":false,"footnotes":""},"categories":[109,51],"tags":[2166,148],"class_list":["post-19538","post","type-post","status-publish","format-standard","has-post-thumbnail","hentry","category-minuto-a-minuto","category-zona-roja","tag-armando-zenon-garcia","tag-oaxaca-de-juarez"],"jetpack_featured_media_url":"https:\/\/zonaroja.com.mx\/wp-content\/uploads\/2020\/11\/Asesinado-Los-Danzantes.jpg","jetpack_sharing_enabled":true,"_links":{"self":[{"href":"https:\/\/zonaroja.com.mx\/index.php?rest_route=\/wp\/v2\/posts\/19538","targetHints":{"allow":["GET"]}}],"collection":[{"href":"https:\/\/zonaroja.com.mx\/index.php?rest_route=\/wp\/v2\/posts"}],"about":[{"href":"https:\/\/zonaroja.com.mx\/index.php?rest_route=\/wp\/v2\/types\/post"}],"author":[{"embeddable":true,"href":"https:\/\/zonaroja.com.mx\/index.php?rest_route=\/wp\/v2\/users\/2"}],"replies":[{"embeddable":true,"href":"https:\/\/zonaroja.com.mx\/index.php?rest_route=%2Fwp%2Fv2%2Fcomments&post=19538"}],"version-history":[{"count":1,"href":"https:\/\/zonaroja.com.mx\/index.php?rest_route=\/wp\/v2\/posts\/19538\/revisions"}],"predecessor-version":[{"id":19540,"href":"https:\/\/zonaroja.com.mx\/index.php?rest_route=\/wp\/v2\/posts\/19538\/revisions\/19540"}],"wp:featuredmedia":[{"embeddable":true,"href":"https:\/\/zonaroja.com.mx\/index.php?rest_route=\/wp\/v2\/media\/19539"}],"wp:attachment":[{"href":"https:\/\/zonaroja.com.mx\/index.php?rest_route=%2Fwp%2Fv2%2Fmedia&parent=19538"}],"wp:term":[{"taxonomy":"category","embeddable":true,"href":"https:\/\/zonaroja.com.mx\/index.php?rest_route=%2Fwp%2Fv2%2Fcategories&post=19538"},{"taxonomy":"post_tag","embeddable":true,"href":"https:\/\/zonaroja.com.mx\/index.php?rest_route=%2Fwp%2Fv2%2Ftags&post=19538"}],"curies":[{"name":"wp","href":"https:\/\/api.w.org\/{rel}","templated":true}]}}