{"id":1954,"date":"2019-07-01T09:50:00","date_gmt":"2019-07-01T14:50:00","guid":{"rendered":"http:\/\/www.zonaroja.com.mx\/?p=1954"},"modified":"2019-06-30T22:02:09","modified_gmt":"2019-07-01T03:02:09","slug":"semana-sangrienta-en-oaxaca-30-muertos-en-visperas-de-guelaguetza","status":"publish","type":"post","link":"https:\/\/zonaroja.com.mx\/?p=1954","title":{"rendered":"Semana sangrienta en Oaxaca: 30 muertos en v\u00edsperas de Guelaguetza"},"content":{"rendered":"\n<p>Redacci\u00f3n<\/p>\n\n\n\n<p>Oaxaca de\nJu\u00e1rez, Oax., 1 de julio de 2019.- La semana que termin\u00f3 dej\u00f3 como saldo al\nmenos 30 personas asesinadas en Oaxaca, entre ellas cinco mujeres, en su\nmayor\u00eda por disparos de armas de fuego; seis de ellas fueron descuartizadas y\ndos calcinadas.<\/p>\n\n\n\n<p>De acuerdo\ncon un recuento hemerogr\u00e1fico, el domingo 23 de junio inici\u00f3 con seis cr\u00edmenes,\nentre ellos el de dos mujeres, una en El Ojite, Heroica Ciudad de Tlaxiaco, y\notra en San Lucas Ojitl\u00e1n.<\/p>\n\n\n\n<p>El martes,\nel d\u00eda que fue nombrado un nuevo titular de la Secretar\u00eda de Seguridad P\u00fablica,\nfueron cuatro cr\u00edmenes, dos por enfrentamiento entre el Sindicato \u201cLiberad\u201d y\nla Confederaci\u00f3n Aut\u00f3noma de Trabajadores y Empleados de M\u00e9xico, otro en Salina\nCruz y otro en La Reforma San Pedro Mixtepec<\/p>\n\n\n\n<p>Mientras que\nel mi\u00e9rcoles ocurrieron cinco homicidios, entre ellos el de dos mujeres, una en\nSan Pedro Pochutla y otra en Santa Cruz Xoxocotl\u00e1n. El jueves fueron tres,\nentre los que destacan el asesinato a machetazos de una mujer con su hijo de 10\na\u00f1os de edad, en una localidad de Putla Villa de Guerrero. <\/p>\n\n\n\n<p>El viernes la\nviolencia se dispar\u00f3 con diez muertos en total, seis de ellos descuartizados en\nla regi\u00f3n de a Cuenca, dos calcinados en la Costa y un discapacitado en Santo\nDomingo Tehuantepec, por mencionar unos.<\/p>\n\n\n\n<p>El s\u00e1bado 29\nde junio, ocurrieron dos asesinatos, uno en Salina Cruz y otro en La Crucecita,\nSanta Mar\u00eda Huatulco.<\/p>\n","protected":false},"excerpt":{"rendered":"<p>Redacci\u00f3n Oaxaca de Ju\u00e1rez, Oax., 1 de julio de 2019.- La semana que termin\u00f3 dej\u00f3&hellip;<\/p>\n","protected":false},"author":2,"featured_media":1857,"comment_status":"closed","ping_status":"open","sticky":false,"template":"","format":"standard","meta":{"_lmt_disableupdate":"","_lmt_disable":"","_jetpack_memberships_contains_paid_content":false,"footnotes":""},"categories":[109,51],"tags":[132,208,58],"class_list":["post-1954","post","type-post","status-publish","format-standard","has-post-thumbnail","hentry","category-minuto-a-minuto","category-zona-roja","tag-asesinatos","tag-guelaguetza-2019","tag-oaxaca"],"jetpack_featured_media_url":"https:\/\/zonaroja.com.mx\/wp-content\/uploads\/2019\/06\/SSPO-4.jpg","jetpack_sharing_enabled":true,"_links":{"self":[{"href":"https:\/\/zonaroja.com.mx\/index.php?rest_route=\/wp\/v2\/posts\/1954","targetHints":{"allow":["GET"]}}],"collection":[{"href":"https:\/\/zonaroja.com.mx\/index.php?rest_route=\/wp\/v2\/posts"}],"about":[{"href":"https:\/\/zonaroja.com.mx\/index.php?rest_route=\/wp\/v2\/types\/post"}],"author":[{"embeddable":true,"href":"https:\/\/zonaroja.com.mx\/index.php?rest_route=\/wp\/v2\/users\/2"}],"replies":[{"embeddable":true,"href":"https:\/\/zonaroja.com.mx\/index.php?rest_route=%2Fwp%2Fv2%2Fcomments&post=1954"}],"version-history":[{"count":1,"href":"https:\/\/zonaroja.com.mx\/index.php?rest_route=\/wp\/v2\/posts\/1954\/revisions"}],"predecessor-version":[{"id":1955,"href":"https:\/\/zonaroja.com.mx\/index.php?rest_route=\/wp\/v2\/posts\/1954\/revisions\/1955"}],"wp:featuredmedia":[{"embeddable":true,"href":"https:\/\/zonaroja.com.mx\/index.php?rest_route=\/wp\/v2\/media\/1857"}],"wp:attachment":[{"href":"https:\/\/zonaroja.com.mx\/index.php?rest_route=%2Fwp%2Fv2%2Fmedia&parent=1954"}],"wp:term":[{"taxonomy":"category","embeddable":true,"href":"https:\/\/zonaroja.com.mx\/index.php?rest_route=%2Fwp%2Fv2%2Fcategories&post=1954"},{"taxonomy":"post_tag","embeddable":true,"href":"https:\/\/zonaroja.com.mx\/index.php?rest_route=%2Fwp%2Fv2%2Ftags&post=1954"}],"curies":[{"name":"wp","href":"https:\/\/api.w.org\/{rel}","templated":true}]}}