{"id":19552,"date":"2020-11-02T11:31:21","date_gmt":"2020-11-02T17:31:21","guid":{"rendered":"http:\/\/www.zonaroja.com.mx\/?p=19552"},"modified":"2020-11-02T11:31:24","modified_gmt":"2020-11-02T17:31:24","slug":"agresores-en-cruz-roja-son-de-la-14-de-junio-interpondran-denuncia","status":"publish","type":"post","link":"https:\/\/zonaroja.com.mx\/?p=19552","title":{"rendered":"Agresores en Cruz Roja son de la \u201c14 de Junio\u201d; interpondr\u00e1n denuncia"},"content":{"rendered":"\n<p>Evlin Arag\u00f3n\/Zona Roja.<\/p>\n\n\n\n<p>Oaxaca de Ju\u00e1rez, Oax., 2 de noviembre de 2020.- Integrantes del Frente Popular \u201c14 de Junio\u201d ser\u00edan los responsables de la agresi\u00f3n en contra de param\u00e9dicos de la Cruz Roja Mexicana, delegaci\u00f3n Oaxaca, que se registr\u00f3 la noche de s\u00e1bado al interior de sus propias instalaciones, en el centro de la capital, y que dej\u00f3 cuatro param\u00e9dicos con lesiones en su cuerpo.\u00a0<\/p>\n\n\n\n<p>As\u00ed lo inform\u00f3 Mois\u00e9s Santiago, coordinador de param\u00e9dicos de la instituci\u00f3n, quien detall\u00f3 que fueron los propios atacantes los que se ostentaron como integrantes del gremio sindical, por lo que han sido recabados los videos de las c\u00e1maras de seguridad, con los que interpondr\u00e1n la denuncia ante la Fiscal\u00eda General de Justicia de Oaxaca.\u00a0<\/p>\n\n\n\n<p>De acuerdo con el relato que hizo para ORO Divisi\u00f3n Noticias, en el noticiario que conduce Humberto Cruz, fueron cinco hombres y una mujer quienes arribaron a las instalaciones en busca de atenci\u00f3n m\u00e9dica para una persona, ante lo cual rompieron todos los protocolos de ingreso, implementados por el Covid-19, en cuando les informaron que era mejor trasladarse a un hospital con servicio de traumatolog\u00eda.&nbsp;<\/p>\n\n\n\n<p>\u201cAparentemente hab\u00eda una fractura y una lesi\u00f3n de consideraci\u00f3n que lamentablemente en el hospital, en el turno nocturno, por lo regular no se cuenta con especialistas m\u00e9dicos, ya que somos una unidad de primer contacto \u00fanicamente. Esto hizo que las personas comenzaran a agredir verbalmente a los param\u00e9dicos y posteriormente se fueron a los golpes\u201d, manifest\u00f3.&nbsp;<\/p>\n\n\n\n<p>De acuerdo con las declaraciones del personal agredido, los responsables se encontraban aparentemente en estado de ebriedad y amenazaron en volver con sus agremiados, lo cual mantiene a la instituci\u00f3n en la incertidumbre debido al riesgo en el que se pueda encontrar su personal, ya que adem\u00e1s durante la agresi\u00f3n se pidi\u00f3 el apoyo de la polic\u00eda municipal, la cual acudi\u00f3, pero no intervino al verse superada en n\u00famero.<\/p>\n\n\n\n<p>No es la primera vez que la instituci\u00f3n ha sido v\u00edctima de ataques, ya que hay reportes de una ambulancia que fue atacada a balazos en Tuxtepec, as\u00ed como agresiones contra el personal en la regi\u00f3n de la Costa.<\/p>\n\n\n\n<p>A las cuales se suman la de este fin de semana en la capital oaxaque\u00f1a, en donde adem\u00e1s se han enfrentado al constante robo de material en sus unidades, incluso el estacionamiento de la instituci\u00f3n, ubicada en la calle Armenta y L\u00f3pez esquina Dr. Pardo, junto a unas oficinas de la Fiscal\u00eda General.&nbsp;&nbsp;<\/p>\n\n\n\n<p>\u201cNo tenemos seguridad p\u00fablica ni privada, son los mismos param\u00e9dicos quienes resguardan la integridad del personal, del edificio y las unidades\u201d, dijo.<\/p>\n\n\n\n<p>Finalmente, y como se dio a conocer previamente, asegur\u00f3 que la agresi\u00f3n quedo video grabada y da cuenta de c\u00f3mo con alevos\u00eda y ventaja los atacantes se abalanzan contra el personal param\u00e9dico, a quienes jalonean, golpean e insultan en reiteradas ocasiones, incluso rompi\u00e9ndoles el uniforme, por lo que el material ser\u00e1 presentado como parte de los testimonios ante las autoridades.&nbsp;<\/p>\n\n\n\n<p>A la par que llam\u00f3 a la dirigencia del Frente Popular \u201c14 de Junio\u201d para tomar cartas en el asunto y sancionar a los agresores, adem\u00e1s que advirtieron seguir\u00e1n brindando el servicio de emergencias sin ning\u00fan tipo de restricci\u00f3n, siempre en apoyo a la ciudadan\u00eda.&nbsp;<\/p>\n","protected":false},"excerpt":{"rendered":"<p>Evlin Arag\u00f3n\/Zona Roja. Oaxaca de Ju\u00e1rez, Oax., 2 de noviembre de 2020.- Integrantes del Frente&hellip;<\/p>\n","protected":false},"author":2,"featured_media":19502,"comment_status":"closed","ping_status":"open","sticky":false,"template":"","format":"standard","meta":{"_lmt_disableupdate":"","_lmt_disable":"","_jetpack_memberships_contains_paid_content":false,"footnotes":""},"categories":[109,47],"tags":[1586],"class_list":["post-19552","post","type-post","status-publish","format-standard","has-post-thumbnail","hentry","category-minuto-a-minuto","category-zona-gris","tag-cruz-roja-mexicana-oaxaca"],"jetpack_featured_media_url":"https:\/\/zonaroja.com.mx\/wp-content\/uploads\/2020\/11\/Agresion-Cruz-Roja-Oaxaca.jpg","jetpack_sharing_enabled":true,"_links":{"self":[{"href":"https:\/\/zonaroja.com.mx\/index.php?rest_route=\/wp\/v2\/posts\/19552","targetHints":{"allow":["GET"]}}],"collection":[{"href":"https:\/\/zonaroja.com.mx\/index.php?rest_route=\/wp\/v2\/posts"}],"about":[{"href":"https:\/\/zonaroja.com.mx\/index.php?rest_route=\/wp\/v2\/types\/post"}],"author":[{"embeddable":true,"href":"https:\/\/zonaroja.com.mx\/index.php?rest_route=\/wp\/v2\/users\/2"}],"replies":[{"embeddable":true,"href":"https:\/\/zonaroja.com.mx\/index.php?rest_route=%2Fwp%2Fv2%2Fcomments&post=19552"}],"version-history":[{"count":1,"href":"https:\/\/zonaroja.com.mx\/index.php?rest_route=\/wp\/v2\/posts\/19552\/revisions"}],"predecessor-version":[{"id":19553,"href":"https:\/\/zonaroja.com.mx\/index.php?rest_route=\/wp\/v2\/posts\/19552\/revisions\/19553"}],"wp:featuredmedia":[{"embeddable":true,"href":"https:\/\/zonaroja.com.mx\/index.php?rest_route=\/wp\/v2\/media\/19502"}],"wp:attachment":[{"href":"https:\/\/zonaroja.com.mx\/index.php?rest_route=%2Fwp%2Fv2%2Fmedia&parent=19552"}],"wp:term":[{"taxonomy":"category","embeddable":true,"href":"https:\/\/zonaroja.com.mx\/index.php?rest_route=%2Fwp%2Fv2%2Fcategories&post=19552"},{"taxonomy":"post_tag","embeddable":true,"href":"https:\/\/zonaroja.com.mx\/index.php?rest_route=%2Fwp%2Fv2%2Ftags&post=19552"}],"curies":[{"name":"wp","href":"https:\/\/api.w.org\/{rel}","templated":true}]}}