{"id":19554,"date":"2020-11-02T11:35:28","date_gmt":"2020-11-02T17:35:28","guid":{"rendered":"http:\/\/www.zonaroja.com.mx\/?p=19554"},"modified":"2020-11-02T11:35:30","modified_gmt":"2020-11-02T17:35:30","slug":"urgen-publicacion-de-reglamento-interno-del-tribunal-de-justicia-administrativa","status":"publish","type":"post","link":"https:\/\/zonaroja.com.mx\/?p=19554","title":{"rendered":"Urgen publicaci\u00f3n de Reglamento Interno del Tribunal de Justicia Administrativa"},"content":{"rendered":"\n<p>Evlin Arag\u00f3n\/Zona Roja.<\/p>\n\n\n\n<p>Oaxaca de Ju\u00e1rez, Oax., 2 de noviembre de 2020.- Integrantes de la 64 Legislatura analizan un exhorto dirigido al Pleno del Tribunal de Justicia Administrativa del Estado de Oaxaca, para que a la brevedad expida y publique su Reglamento Interno.&nbsp;<\/p>\n\n\n\n<p>Y es que, aunque existe un reglamento de septiembre del 2019, \u00e9ste fue aprobado previo a Ley Org\u00e1nica actual para la instancia, por lo que no tiene vigencia y debe ser modificado para evitar incurrir en irregularidades que afecten su funcionamiento.\u00a0<\/p>\n\n\n\n<p>De acuerdo con la propuesta del diputado por Morena, Oth\u00f3n Cuevas C\u00f3rdova, desde febrero del 2018 el Pleno de la Sala Superior del Tribunal de Justicia Administrativa del Estado de Oaxaca, declar\u00f3 instalado formal y materialmente el referido \u00f3rgano jurisdiccional aut\u00f3nomo, comprendi\u00e9ndose todos sus \u00f3rganos jurisdiccionales y administrativos.<\/p>\n\n\n\n<p>Sin embargo, fue en noviembre del 2019 que se expidi\u00f3 la Ley Org\u00e1nica, en donde se dio un plazo m\u00e1ximo de 90 d\u00edas contados a partir de la entrada en vigor de la normatividad, misma que a\u00fan no ha sido publicada en el Peri\u00f3dico Oficial del Gobierno del Estado de Oaxaca.<\/p>\n\n\n\n<p>Lo anterior resulta una grave omisi\u00f3n por parte del \u00f3rgano, cuya situaci\u00f3n radica en que es la instancia m\u00e1xima autoridad jurisdiccional en materia de fiscalizaci\u00f3n, rendici\u00f3n de cuentas, responsabilidad de los servidores p\u00fablicos.<\/p>\n\n\n\n<p>\u201cAl ser atribuci\u00f3n del Pleno del Tribunal de Justicia Administrativa del Estado de Oaxaca, expedir su Reglamento Interno, se pone de manifiesto una omisi\u00f3n por parte del referido \u00f3rgano jurisdiccional, ya que han transcurrido m\u00e1s de ocho meses sin que se cuente con el citado Reglamento\u201d, refiere el documento presentado en la sesi\u00f3n de la Diputaci\u00f3n Permanente.\u00a0<\/p>\n\n\n\n<p>Cuevas C\u00f3rdova record\u00f3 que dicho Tribunal debe responder al combate a la corrupci\u00f3n e impartici\u00f3n de Justicia Administrativa, y est\u00e1 dotado de plena autonom\u00eda para dictar sus fallos, establecer su organizaci\u00f3n, funcionamiento, procedimientos y su presupuesto.<\/p>\n\n\n\n<p>Por lo anterior insisti\u00f3 en la urgencia de contar con toda su normatividad vigente para evitar caer en omisiones e irregularidades que puedan configurar un acto de corrupci\u00f3n.&nbsp;<\/p>\n","protected":false},"excerpt":{"rendered":"<p>Evlin Arag\u00f3n\/Zona Roja. Oaxaca de Ju\u00e1rez, Oax., 2 de noviembre de 2020.- Integrantes de la&hellip;<\/p>\n","protected":false},"author":2,"featured_media":19555,"comment_status":"closed","ping_status":"open","sticky":false,"template":"","format":"standard","meta":{"_lmt_disableupdate":"","_lmt_disable":"","_jetpack_memberships_contains_paid_content":false,"footnotes":""},"categories":[109,46],"tags":[1311],"class_list":["post-19554","post","type-post","status-publish","format-standard","has-post-thumbnail","hentry","category-minuto-a-minuto","category-zona-blanca","tag-othon-cuevas-cordova"],"jetpack_featured_media_url":"https:\/\/zonaroja.com.mx\/wp-content\/uploads\/2020\/11\/Othon-Cuevas.jpg","jetpack_sharing_enabled":true,"_links":{"self":[{"href":"https:\/\/zonaroja.com.mx\/index.php?rest_route=\/wp\/v2\/posts\/19554","targetHints":{"allow":["GET"]}}],"collection":[{"href":"https:\/\/zonaroja.com.mx\/index.php?rest_route=\/wp\/v2\/posts"}],"about":[{"href":"https:\/\/zonaroja.com.mx\/index.php?rest_route=\/wp\/v2\/types\/post"}],"author":[{"embeddable":true,"href":"https:\/\/zonaroja.com.mx\/index.php?rest_route=\/wp\/v2\/users\/2"}],"replies":[{"embeddable":true,"href":"https:\/\/zonaroja.com.mx\/index.php?rest_route=%2Fwp%2Fv2%2Fcomments&post=19554"}],"version-history":[{"count":1,"href":"https:\/\/zonaroja.com.mx\/index.php?rest_route=\/wp\/v2\/posts\/19554\/revisions"}],"predecessor-version":[{"id":19556,"href":"https:\/\/zonaroja.com.mx\/index.php?rest_route=\/wp\/v2\/posts\/19554\/revisions\/19556"}],"wp:featuredmedia":[{"embeddable":true,"href":"https:\/\/zonaroja.com.mx\/index.php?rest_route=\/wp\/v2\/media\/19555"}],"wp:attachment":[{"href":"https:\/\/zonaroja.com.mx\/index.php?rest_route=%2Fwp%2Fv2%2Fmedia&parent=19554"}],"wp:term":[{"taxonomy":"category","embeddable":true,"href":"https:\/\/zonaroja.com.mx\/index.php?rest_route=%2Fwp%2Fv2%2Fcategories&post=19554"},{"taxonomy":"post_tag","embeddable":true,"href":"https:\/\/zonaroja.com.mx\/index.php?rest_route=%2Fwp%2Fv2%2Ftags&post=19554"}],"curies":[{"name":"wp","href":"https:\/\/api.w.org\/{rel}","templated":true}]}}