{"id":19557,"date":"2020-11-02T14:45:52","date_gmt":"2020-11-02T20:45:52","guid":{"rendered":"http:\/\/www.zonaroja.com.mx\/?p=19557"},"modified":"2020-11-02T14:45:55","modified_gmt":"2020-11-02T20:45:55","slug":"en-medio-de-contingencia-seccion-22-recuerda-batalla-de-todos-santos","status":"publish","type":"post","link":"https:\/\/zonaroja.com.mx\/?p=19557","title":{"rendered":"En medio de contingencia, Secci\u00f3n 22 recuerda \u201cBatalla de Todos Santos\u201d"},"content":{"rendered":"\n<p>Yuridiana Sosa\/Zona Roja.<\/p>\n\n\n\n<p>Oaxaca de Ju\u00e1rez, Oax., 2 de noviembre de 2020.- Con un bloqueo y mitin en el crucero de Cinco Se\u00f1ores de la capital de Oaxaca, escenario de la emblem\u00e1tica \u201cBatalla de Todos Santos\u201d en 2006, la Secci\u00f3n 22 del SNTE y organizaciones sociales conmemoraron los 14 a\u00f1os del fallido desalojo de la Polic\u00eda Federal durante el movimiento social.<\/p>\n\n\n\n<p>Desde el inicio de la contingencia sanitaria por Covid-19, es la primera vez que el magisterio adherido a la Coordinadora Nacional de Trabajadores de la Educaci\u00f3n (CNTE) sali\u00f3 a las calles para manifestarse, aunque con un reducido n\u00famero de personas.<\/p>\n\n\n\n<p>Este a\u00f1o, por la pandemia, pasaron desapercibidas todas las fechas conmemorativas que la gremial toma como bandera para movilizarse, entre ellos el crimen de Brad Will; incluso, este d\u00eda, el acto pol\u00edtico- social-cultural que organizaron tard\u00f3 unas tres horas.<\/p>\n\n\n\n<p>Cerca de las 10:00 horas comenz\u00f3 a congregarse un grupo reducido de integrantes de los sectores de la regi\u00f3n de Valles Centrales y de organizaciones sociales en el crucero de Cinco Se\u00f1ores.<\/p>\n\n\n\n<figure class=\"wp-block-embed-twitter wp-block-embed is-type-rich is-provider-twitter\"><div class=\"wp-block-embed__wrapper\">\n<div class=\"twitter-tweet\"><blockquote class=\"twitter-tweet\" data-lang=\"es\"><p lang=\"es\" dir=\"ltr\"><a href=\"https:\/\/twitter.com\/hashtag\/%C3%9AltimoMinuto?src=hash&amp;ref_src=twsrc%5Etfw\">#\u00daltimoMinuto<\/a><br>Con un mitin y cierre de crucero vial, la Secci\u00f3n 22 del SNTE conmemora hoy lo que llamaron la &quot;Batalla de Todos Santos&quot;, en que se enfrentaron y replegaron a elementos de la entonces Polic\u00eda Federal, el 2 de noviembre de 2006. <a href=\"https:\/\/t.co\/jHrt5xCUKs\">pic.twitter.com\/jHrt5xCUKs<\/a><\/p>&mdash; Zona Roja Oaxaca (@MexRoja) <a href=\"https:\/\/twitter.com\/MexRoja\/status\/1323314613006393344?ref_src=twsrc%5Etfw\">2 de noviembre de 2020<\/a><\/blockquote><\/div>\n<\/div><\/figure>\n\n\n\n<p>Debajo del puente del distribuidor vial de la zona montaron un escenario y con en el apoyo de veh\u00edculos particulares, lonas, hierbas y llantas, instalaron un bloquearon en sus diferentes sentidos.<\/p>\n\n\n\n<p>\u201cFueron siete horas de lucha constante. Pensaban que \u00e9ramos un grupito y que no cont\u00e1bamos con el apoyo del pueblo, pero no fue as\u00ed. Cuando desde helic\u00f3pteros la polic\u00eda lanz\u00f3 gases lacrim\u00f3genos sobre el pante\u00f3n general, donde se encontraba el pueblo visitando a sus difuntos, se desat\u00f3 la inconformidad de la gente\u201d, record\u00f3 uno de los oradores en la actividad de este lunes.<\/p>\n\n\n\n<p>La Secci\u00f3n 22 de la CNTE y las organizaciones tambi\u00e9n recordaron su exigencia de justicia y c\u00e1rcel para el ex gobernador Ulises Ruiz Ortiz.<\/p>\n\n\n\n<p>El saldo de la batalla de hace 14 a\u00f1os fue la retirada de la PFP, unos 40 detenidos y decenas de personas intoxicadas y heridas.<\/p>\n","protected":false},"excerpt":{"rendered":"<p>Yuridiana Sosa\/Zona Roja. Oaxaca de Ju\u00e1rez, Oax., 2 de noviembre de 2020.- Con un bloqueo&hellip;<\/p>\n","protected":false},"author":2,"featured_media":19558,"comment_status":"closed","ping_status":"open","sticky":false,"template":"","format":"standard","meta":{"_lmt_disableupdate":"","_lmt_disable":"","_jetpack_memberships_contains_paid_content":false,"footnotes":""},"categories":[109,47],"tags":[312],"class_list":["post-19557","post","type-post","status-publish","format-standard","has-post-thumbnail","hentry","category-minuto-a-minuto","category-zona-gris","tag-seccion-22-del-snte"],"jetpack_featured_media_url":"https:\/\/zonaroja.com.mx\/wp-content\/uploads\/2020\/11\/Seccion-22-mitin.jpg","jetpack_sharing_enabled":true,"_links":{"self":[{"href":"https:\/\/zonaroja.com.mx\/index.php?rest_route=\/wp\/v2\/posts\/19557","targetHints":{"allow":["GET"]}}],"collection":[{"href":"https:\/\/zonaroja.com.mx\/index.php?rest_route=\/wp\/v2\/posts"}],"about":[{"href":"https:\/\/zonaroja.com.mx\/index.php?rest_route=\/wp\/v2\/types\/post"}],"author":[{"embeddable":true,"href":"https:\/\/zonaroja.com.mx\/index.php?rest_route=\/wp\/v2\/users\/2"}],"replies":[{"embeddable":true,"href":"https:\/\/zonaroja.com.mx\/index.php?rest_route=%2Fwp%2Fv2%2Fcomments&post=19557"}],"version-history":[{"count":1,"href":"https:\/\/zonaroja.com.mx\/index.php?rest_route=\/wp\/v2\/posts\/19557\/revisions"}],"predecessor-version":[{"id":19559,"href":"https:\/\/zonaroja.com.mx\/index.php?rest_route=\/wp\/v2\/posts\/19557\/revisions\/19559"}],"wp:featuredmedia":[{"embeddable":true,"href":"https:\/\/zonaroja.com.mx\/index.php?rest_route=\/wp\/v2\/media\/19558"}],"wp:attachment":[{"href":"https:\/\/zonaroja.com.mx\/index.php?rest_route=%2Fwp%2Fv2%2Fmedia&parent=19557"}],"wp:term":[{"taxonomy":"category","embeddable":true,"href":"https:\/\/zonaroja.com.mx\/index.php?rest_route=%2Fwp%2Fv2%2Fcategories&post=19557"},{"taxonomy":"post_tag","embeddable":true,"href":"https:\/\/zonaroja.com.mx\/index.php?rest_route=%2Fwp%2Fv2%2Ftags&post=19557"}],"curies":[{"name":"wp","href":"https:\/\/api.w.org\/{rel}","templated":true}]}}