{"id":19560,"date":"2020-11-02T14:59:46","date_gmt":"2020-11-02T20:59:46","guid":{"rendered":"http:\/\/www.zonaroja.com.mx\/?p=19560"},"modified":"2020-11-02T14:59:51","modified_gmt":"2020-11-02T20:59:51","slug":"pide-diputada-de-oaxaca-a-conapred-sancionar-a-lilly-tellez-por-declaraciones-discriminatorias","status":"publish","type":"post","link":"https:\/\/zonaroja.com.mx\/?p=19560","title":{"rendered":"Pide diputada de Oaxaca a Conapred sancionar a Lilly T\u00e9llez por declaraciones discriminatorias"},"content":{"rendered":"\n<p>Redacci\u00f3n\/Zona Roja.<\/p>\n\n\n\n<p>Oaxaca de Ju\u00e1rez, Oax. 2 de noviembre de 2020.- Elisa Zepeda Lagunas, presidenta de la Diputaci\u00f3n Permanente de la 64 Legislatura del Congreso de Oaxaca, solicit\u00f3 al Consejo Nacional para Prevenir la Discriminaci\u00f3n (Conapred) actuar frente a las declaraciones discriminatorias emitidas por la senadora panista Lilly T\u00e9llez.<\/p>\n\n\n\n<p>El 31 de octubre, Lilly T\u00e9llez comparti\u00f3 en su red social Twitter un mensaje, en el cual calific\u00f3 de \u201csupercher\u00eda\u201d a un ritual de la comunidad de Huautla de Jim\u00e9nez, Oaxaca, que le fue realizada al Presidente de la Rep\u00fablica, Andr\u00e9s Manuel L\u00f3pez Obrador, en Palacio Nacional.<\/p>\n\n\n\n<p>La legisladora y representante de los pueblos y comunidades mazatecas en el Congreso del Estado, Zepeda Lagunas, se\u00f1al\u00f3 que la senadora panista no logra comprender la cosmovisi\u00f3n ind\u00edgena que existe en Oaxaca y en todo M\u00e9xico.<\/p>\n\n\n\n<figure class=\"wp-block-embed-twitter wp-block-embed is-type-rich is-provider-twitter\"><div class=\"wp-block-embed__wrapper\">\n<div class=\"twitter-tweet\"><blockquote class=\"twitter-tweet\" data-lang=\"es\"><p lang=\"es\" dir=\"ltr\">Cubrebocas s\u00ed, \u201climpias\u201d no. <a href=\"https:\/\/t.co\/zG9gwrCebt\">https:\/\/t.co\/zG9gwrCebt<\/a><\/p>&mdash; Lilly T\u00e9llez (@LillyTellez) <a href=\"https:\/\/twitter.com\/LillyTellez\/status\/1323341809762897921?ref_src=twsrc%5Etfw\">2 de noviembre de 2020<\/a><\/blockquote><\/div>\n<\/div><\/figure>\n\n\n\n<p>Indic\u00f3 que la declaraci\u00f3n de Lilly T\u00e9llez hace visible el distanciamiento que durante a\u00f1os ha existido entre quienes representan la voz popular y el verdadero pueblo.<\/p>\n\n\n\n<p>\u201cLa sabidur\u00eda y la cosmovisi\u00f3n ancestral deviene de nuestras ra\u00edces que, para fortuna en Oaxaca, el colonialismo no logr\u00f3 extinguir\u201d, expres\u00f3 Zepeda Lagunas.<\/p>\n\n\n\n<p>Urgi\u00f3 al Conapred actuar ante este hecho, para evitar que por parte de representantes populares se flagele una vez m\u00e1s a los pueblos ind\u00edgenas:<\/p>\n\n\n\n<p>\u201cNo se debe permitir una vez m\u00e1s un intento de desaparecer lo que nos hace \u00fanicos como naci\u00f3n; una naci\u00f3n pluricultural. Quien no lo comprenda no est\u00e1 preparado para ser representante popular\u201d, apunt\u00f3 la congresista.<\/p>\n\n\n\n<figure class=\"wp-block-embed-twitter wp-block-embed is-type-rich is-provider-twitter\"><div class=\"wp-block-embed__wrapper\">\n<div class=\"twitter-tweet\"><blockquote class=\"twitter-tweet\" data-lang=\"es\"><p lang=\"es\" dir=\"ltr\">\u274c No es un homenaje a las tradiciones.<br><br>\ud83c\udfad Es la idealizaci\u00f3n de la ignorancia.<br><br>\ud83d\udca1M\u00e9xico necesita ciencia, no supercher\u00eda. <a href=\"https:\/\/t.co\/IoidoToRiL\">pic.twitter.com\/IoidoToRiL<\/a><\/p>&mdash; Lilly T\u00e9llez (@LillyTellez) <a href=\"https:\/\/twitter.com\/LillyTellez\/status\/1322669531307761668?ref_src=twsrc%5Etfw\">31 de octubre de 2020<\/a><\/blockquote><\/div>\n<\/div><\/figure>\n","protected":false},"excerpt":{"rendered":"<p>Redacci\u00f3n\/Zona Roja. Oaxaca de Ju\u00e1rez, Oax. 2 de noviembre de 2020.- Elisa Zepeda Lagunas, presidenta&hellip;<\/p>\n","protected":false},"author":2,"featured_media":19561,"comment_status":"closed","ping_status":"open","sticky":false,"template":"","format":"standard","meta":{"_lmt_disableupdate":"","_lmt_disable":"","_jetpack_memberships_contains_paid_content":false,"footnotes":""},"categories":[109,47],"tags":[215],"class_list":["post-19560","post","type-post","status-publish","format-standard","has-post-thumbnail","hentry","category-minuto-a-minuto","category-zona-gris","tag-elisa-zepeda-lagunas"],"jetpack_featured_media_url":"https:\/\/zonaroja.com.mx\/wp-content\/uploads\/2020\/11\/Elisa-Zepeda.jpg","jetpack_sharing_enabled":true,"_links":{"self":[{"href":"https:\/\/zonaroja.com.mx\/index.php?rest_route=\/wp\/v2\/posts\/19560","targetHints":{"allow":["GET"]}}],"collection":[{"href":"https:\/\/zonaroja.com.mx\/index.php?rest_route=\/wp\/v2\/posts"}],"about":[{"href":"https:\/\/zonaroja.com.mx\/index.php?rest_route=\/wp\/v2\/types\/post"}],"author":[{"embeddable":true,"href":"https:\/\/zonaroja.com.mx\/index.php?rest_route=\/wp\/v2\/users\/2"}],"replies":[{"embeddable":true,"href":"https:\/\/zonaroja.com.mx\/index.php?rest_route=%2Fwp%2Fv2%2Fcomments&post=19560"}],"version-history":[{"count":1,"href":"https:\/\/zonaroja.com.mx\/index.php?rest_route=\/wp\/v2\/posts\/19560\/revisions"}],"predecessor-version":[{"id":19562,"href":"https:\/\/zonaroja.com.mx\/index.php?rest_route=\/wp\/v2\/posts\/19560\/revisions\/19562"}],"wp:featuredmedia":[{"embeddable":true,"href":"https:\/\/zonaroja.com.mx\/index.php?rest_route=\/wp\/v2\/media\/19561"}],"wp:attachment":[{"href":"https:\/\/zonaroja.com.mx\/index.php?rest_route=%2Fwp%2Fv2%2Fmedia&parent=19560"}],"wp:term":[{"taxonomy":"category","embeddable":true,"href":"https:\/\/zonaroja.com.mx\/index.php?rest_route=%2Fwp%2Fv2%2Fcategories&post=19560"},{"taxonomy":"post_tag","embeddable":true,"href":"https:\/\/zonaroja.com.mx\/index.php?rest_route=%2Fwp%2Fv2%2Ftags&post=19560"}],"curies":[{"name":"wp","href":"https:\/\/api.w.org\/{rel}","templated":true}]}}