{"id":19563,"date":"2020-11-02T18:24:07","date_gmt":"2020-11-03T00:24:07","guid":{"rendered":"http:\/\/www.zonaroja.com.mx\/?p=19563"},"modified":"2020-11-02T18:24:11","modified_gmt":"2020-11-03T00:24:11","slug":"covid-19-callo-algarabia-en-los-panteones-de-oaxaca","status":"publish","type":"post","link":"https:\/\/zonaroja.com.mx\/?p=19563","title":{"rendered":"Covid-19 call\u00f3 algarab\u00eda en los panteones de Oaxaca"},"content":{"rendered":"\n<p>Yuridiana Sosa\/Zona Roja.<\/p>\n\n\n\n<p>Oaxaca de Ju\u00e1rez, Oax., 2 noviembre de 2020.- Como nunca, el silencio invadi\u00f3 los panteones de Oaxaca en D\u00eda de Muertos.<\/p>\n\n\n\n<p>Las sepulturas lucieron tristes, sin gente, sin celebraciones, sin el olor a cempas\u00fachil; el Covid-19, el responsable de la situaci\u00f3n.<\/p>\n\n\n\n<p>La contingencia call\u00f3 la fiesta para recibir y acompa\u00f1ar a los fieles difuntos en su regreso al m\u00e1s all\u00e1, en medio de rituales y algarab\u00eda, tanto dentro como afuera en las calles que rodean los panteones.<\/p>\n\n\n\n<p>Cada a\u00f1o, desde hace varias d\u00e9cadas, en el exterior de los camposantos de la capital oaxaque\u00f1a se instalaba una verbena y feria popular que convocaba a miles de personas a ser parte de la celebraci\u00f3n milenaria.<\/p>\n\n\n\n<p>Este a\u00f1o como medida de prevenci\u00f3n ante la contingencia sanitaria y al alto n\u00famero de contagios de coronavirus, la autoridad municipal prohibi\u00f3 el ingreso al cementerio y la instalaci\u00f3n de juegos mec\u00e1nicos y vendedores informales.<\/p>\n\n\n\n<figure class=\"wp-block-embed-twitter wp-block-embed is-type-rich is-provider-twitter\"><div class=\"wp-block-embed__wrapper\">\n<div class=\"twitter-tweet\"><blockquote class=\"twitter-tweet\" data-lang=\"es\"><p lang=\"es\" dir=\"ltr\"><a href=\"https:\/\/twitter.com\/hashtag\/D%C3%ADaDeMuertos?src=hash&amp;ref_src=twsrc%5Etfw\">#D\u00edaDeMuertos<\/a> <br>Tambi\u00e9n el Pante\u00f3n General, en la ciudad de <a href=\"https:\/\/twitter.com\/hashtag\/Oaxaca?src=hash&amp;ref_src=twsrc%5Etfw\">#Oaxaca<\/a>, se encuentra cerrado al p\u00fablico, con lo cual se impidi\u00f3 la tradicional visita a los sepulcros, este 2 de noviembre, a fin de evitar contagios por Covid. <a href=\"https:\/\/t.co\/uA9h7cPCFp\">pic.twitter.com\/uA9h7cPCFp<\/a><\/p>&mdash; Zona Roja Oaxaca (@MexRoja) <a href=\"https:\/\/twitter.com\/MexRoja\/status\/1323353975341592581?ref_src=twsrc%5Etfw\">2 de noviembre de 2020<\/a><\/blockquote><\/div>\n<\/div><\/figure>\n\n\n\n<p>El pante\u00f3n general de la capital, llamado \u201cSan Miguel\u201d, era zona de \u201calto contagio de festividad\u201d; d\u00edas previos a Todos Santos, cuando comenzaba la instalaci\u00f3n de vendedores de flores, alimentos, principalmente antojitos oaxaque\u00f1os, y de una feria que alcanzaba calles colindantes con el municipio de Santa Luc\u00eda del Camino.<\/p>\n\n\n\n<p>Desde temprana hora del 1 de noviembre comenzaba el arribo de personas, la limpia de las tumbas, era de las actividades principales. Pero el 2 de noviembre se registraba el mayor n\u00famero de asistencia.<\/p>\n\n\n\n<p>M\u00fasica de banda, mariachi, tr\u00edos o cantos a capela se escuchan casi todo el d\u00eda. Y aunque la tristeza por la partida de los seres queridos se hac\u00eda presente, dentro del camposanto predominaban las risas, pues la fecha tambi\u00e9n era motivo de la reuni\u00f3n entre los vivos. Nada de eso fue posible este a\u00f1o.<\/p>\n\n\n\n<p>En el pante\u00f3n \u201cJard\u00edn\u201d, ubicado en San Andr\u00e9s Huay\u00e1pam, pero perteneciente al gobierno municipal de Oaxaca de Ju\u00e1rez, tambi\u00e9n era epicentro de celebraci\u00f3n.<\/p>\n\n\n\n<p>Sobre sus puertas principales s\u00f3lo luce una lona con el mensaje que proh\u00edbe el ingreso.<\/p>\n\n\n\n<p>Mientras que decenas de familias m\u00e1s que viv\u00edan de estas actividades comerciales, como son los denominados \u201cferieros\u201d, sufren las consecuencias que ha tra\u00eddo la contingencia sanitaria.<\/p>\n\n\n\n<figure class=\"wp-block-embed-twitter wp-block-embed is-type-rich is-provider-twitter\"><div class=\"wp-block-embed__wrapper\">\n<div class=\"twitter-tweet\"><blockquote class=\"twitter-tweet\" data-lang=\"es\"><p lang=\"es\" dir=\"ltr\"><a href=\"https:\/\/twitter.com\/hashtag\/%C3%9AltimoMinuto?src=hash&amp;ref_src=twsrc%5Etfw\">#\u00daltimoMinuto<\/a> <br>El <a href=\"https:\/\/twitter.com\/hashtag\/Pante%C3%B3n?src=hash&amp;ref_src=twsrc%5Etfw\">#Pante\u00f3n<\/a> Jard\u00edn, principal camposanto de la ciudad de <a href=\"https:\/\/twitter.com\/hashtag\/Oaxaca?src=hash&amp;ref_src=twsrc%5Etfw\">#Oaxaca<\/a> pero en jurisdicci\u00f3n del municipio de San Andr\u00e9s <a href=\"https:\/\/twitter.com\/hashtag\/Huay%C3%A1pam?src=hash&amp;ref_src=twsrc%5Etfw\">#Huay\u00e1pam<\/a>, tambi\u00e9n cerrado hoy a quienes pretend\u00edan \u201cconvivir\u201d con los Fieles Difuntos. <a href=\"https:\/\/t.co\/ypdvEz8Gp6\">pic.twitter.com\/ypdvEz8Gp6<\/a><\/p>&mdash; Zona Roja Oaxaca (@MexRoja) <a href=\"https:\/\/twitter.com\/MexRoja\/status\/1323337382184292354?ref_src=twsrc%5Etfw\">2 de noviembre de 2020<\/a><\/blockquote><\/div>\n<\/div><\/figure>\n\n\n\n<p>EN REGIONES, LO CONTRARIO<\/p>\n\n\n\n<p>En la regi\u00f3n de la Cuenca, el gobierno municipal de Santa Mar\u00eda Jacatepec permiti\u00f3 la apertura de los panteones.<\/p>\n\n\n\n<p>La autoridad municipal anunci\u00f3 que el ingreso ser\u00eda controlado y no se permitir\u00eda la asistencia de m\u00e1s de dos personas por familia, as\u00ed como aplicar\u00edan las medidas sanitarias correspondientes.<\/p>\n\n\n\n<p>En el municipio de Loma Bonita la autoridad municipal mont\u00f3 un operativo de vigilancia con la ayuda de la Polic\u00eda Municipal para el arribo de la ciudadan\u00eda al nuevo pante\u00f3n.<\/p>\n\n\n\n<p>Aunque se anunci\u00f3 la medida, algunas personas trataron de ingresar al nuevo camposanto al no contar con barda perimetral, pues este nuevo camposanto surgi\u00f3 apenas el pasado mes de julio cuando una ola de defunciones por motivo de covid 19 obligaron a la autoridad a su apertura, pues en el anterior ya no hab\u00eda espacios.<\/p>\n\n\n\n<p>En municipios como Tuxtepec, Valle Nacional, San Lucas Ojitl\u00e1n, San Felipe Jalapa de D\u00edaz, San Pedro Ixcatl\u00e1n y San Jos\u00e9 Chiltepec, tambi\u00e9n se prohibi\u00f3 el ingreso a los panteones para esta fecha.<\/p>\n","protected":false},"excerpt":{"rendered":"<p>Yuridiana Sosa\/Zona Roja. Oaxaca de Ju\u00e1rez, Oax., 2 noviembre de 2020.- Como nunca, el silencio&hellip;<\/p>\n","protected":false},"author":2,"featured_media":19564,"comment_status":"closed","ping_status":"open","sticky":false,"template":"","format":"standard","meta":{"_lmt_disableupdate":"","_lmt_disable":"","_jetpack_memberships_contains_paid_content":false,"footnotes":""},"categories":[109,47],"tags":[2155],"class_list":["post-19563","post","type-post","status-publish","format-standard","has-post-thumbnail","hentry","category-minuto-a-minuto","category-zona-gris","tag-dia-de-muertos-oaxaca"],"jetpack_featured_media_url":"https:\/\/zonaroja.com.mx\/wp-content\/uploads\/2020\/11\/Panteones-vacios.jpg","jetpack_sharing_enabled":true,"_links":{"self":[{"href":"https:\/\/zonaroja.com.mx\/index.php?rest_route=\/wp\/v2\/posts\/19563","targetHints":{"allow":["GET"]}}],"collection":[{"href":"https:\/\/zonaroja.com.mx\/index.php?rest_route=\/wp\/v2\/posts"}],"about":[{"href":"https:\/\/zonaroja.com.mx\/index.php?rest_route=\/wp\/v2\/types\/post"}],"author":[{"embeddable":true,"href":"https:\/\/zonaroja.com.mx\/index.php?rest_route=\/wp\/v2\/users\/2"}],"replies":[{"embeddable":true,"href":"https:\/\/zonaroja.com.mx\/index.php?rest_route=%2Fwp%2Fv2%2Fcomments&post=19563"}],"version-history":[{"count":1,"href":"https:\/\/zonaroja.com.mx\/index.php?rest_route=\/wp\/v2\/posts\/19563\/revisions"}],"predecessor-version":[{"id":19565,"href":"https:\/\/zonaroja.com.mx\/index.php?rest_route=\/wp\/v2\/posts\/19563\/revisions\/19565"}],"wp:featuredmedia":[{"embeddable":true,"href":"https:\/\/zonaroja.com.mx\/index.php?rest_route=\/wp\/v2\/media\/19564"}],"wp:attachment":[{"href":"https:\/\/zonaroja.com.mx\/index.php?rest_route=%2Fwp%2Fv2%2Fmedia&parent=19563"}],"wp:term":[{"taxonomy":"category","embeddable":true,"href":"https:\/\/zonaroja.com.mx\/index.php?rest_route=%2Fwp%2Fv2%2Fcategories&post=19563"},{"taxonomy":"post_tag","embeddable":true,"href":"https:\/\/zonaroja.com.mx\/index.php?rest_route=%2Fwp%2Fv2%2Ftags&post=19563"}],"curies":[{"name":"wp","href":"https:\/\/api.w.org\/{rel}","templated":true}]}}