{"id":19569,"date":"2020-11-02T20:34:43","date_gmt":"2020-11-03T02:34:43","guid":{"rendered":"http:\/\/www.zonaroja.com.mx\/?p=19569"},"modified":"2020-11-02T20:34:47","modified_gmt":"2020-11-03T02:34:47","slug":"denuncian-maltrato-animal-en-huixtepec-abandonar-a-un-perro-en-cerro","status":"publish","type":"post","link":"https:\/\/zonaroja.com.mx\/?p=19569","title":{"rendered":"Denuncian maltrato animal en Huixtepec; abandonar a un perro en cerro"},"content":{"rendered":"\n<p>Evlin Arag\u00f3n\/Zona Roja.<\/p>\n\n\n\n<p>Oaxaca de Ju\u00e1rez, Oax., 2 de noviembre de 2020.- Un video que da cuenta del maltrato animal del que es v\u00edctima un perro amarrado a las faldas de un cerro, en medio de un temporal de lluvia y fr\u00edo en el municipio de San Pablo Huixtepec, Oaxaca, se volvi\u00f3 viral este fin de semana, al formar parte de una denuncia ciudadana.<\/p>\n\n\n\n<p>\u201cVean la crueldad de unos animales llamados seres humano como vinieron a encadenar a este hermosos ejemplar de pastor alem\u00e1n a esta ramada, en todos los alrededores no se observa donde pueda haber alimento y agua para este perrito\u201d, refiere un ciudadano de la comunidad a trav\u00e9s de un material audiovisual que difundi\u00f3 en las redes sociales.&nbsp;<\/p>\n\n\n\n<p>Se trata de una denuncia p\u00fablica dirigida al presidente municipal Gerardo Arango Romero; al s\u00edndico municipal y a la regidora de Ecolog\u00eda del ayuntamiento de San Pablo Huixtepec, con la intenci\u00f3n de atender el llamado y rescatar al animal que se encuentra en la intemperie en terrenos lotificados detr\u00e1s de la Universidad Tecnol\u00f3gica de los Valles Centrales.<\/p>\n\n\n\n<p>\u201cYo soy una persona que camina por estos rumbos todos los d\u00edas, y el animal por lo menos lleva ocho d\u00edas en las mismas condiciones, hace tres d\u00edas presente la denuncia ante las autoridades, pero han hecho caso omiso\u201d, dijo el ciudadano indignado por la situaci\u00f3n.&nbsp;<\/p>\n\n\n\n<p>Lament\u00f3 que las autoridades de Huixtepec, en la regi\u00f3n Valles Centrales, no tengan tiempo para atender denuncias ciudadanas y est\u00e9n m\u00e1s ocupados en planear las festividades, a sabiendas que nos encontramos en pandemia y est\u00e1n prohibidas las actividades masivas.\u00a0<\/p>\n\n\n\n<figure class=\"wp-block-embed-twitter wp-block-embed is-type-rich is-provider-twitter\"><div class=\"wp-block-embed__wrapper\">\n<div class=\"twitter-tweet\"><blockquote class=\"twitter-tweet\" data-lang=\"es\"><p lang=\"es\" dir=\"ltr\"><a href=\"https:\/\/twitter.com\/hashtag\/MaltratoAnimal?src=hash&amp;ref_src=twsrc%5Etfw\">#MaltratoAnimal<\/a><br>Denuncian que desde hace m\u00e1s de una semana dejaron amarrado a un perro en las faldas de un cerro, sin proporcionarle alimentos, en San Pablo <a href=\"https:\/\/twitter.com\/hashtag\/Huixtepec?src=hash&amp;ref_src=twsrc%5Etfw\">#Huixtepec<\/a>, <a href=\"https:\/\/twitter.com\/hashtag\/Oaxaca?src=hash&amp;ref_src=twsrc%5Etfw\">#Oaxaca<\/a>. Exigen intervenci\u00f3n de las autoridades municipales y estatales. <a href=\"https:\/\/t.co\/ECTSVGnsVn\">pic.twitter.com\/ECTSVGnsVn<\/a><\/p>&mdash; Zona Roja Oaxaca (@MexRoja) <a href=\"https:\/\/twitter.com\/MexRoja\/status\/1323062441102745605?ref_src=twsrc%5Etfw\">2 de noviembre de 2020<\/a><\/blockquote><\/div>\n<\/div><\/figure>\n\n\n\n<p>Record\u00f3 que mantener amarrados y sin alimento a los animales se traduce en maltrato o crueldad animal la cual es un delito, penado por la legislaci\u00f3n actual, y que debe ser sancionado por las autoridades, raz\u00f3n por la que pidi\u00f3 ayuda en las redes sociales para difundir el mensaje.<\/p>\n\n\n\n<p>\u201cAmigos de las redes sociales ay\u00fadenme a difundir para que se sepa que el s\u00edndico municipal es bueno para cobrar sus participaciones, para cobrar su sueldo, pero no es bueno para poner atenci\u00f3n a las denuncias ciudadanas\u201d, concluy\u00f3.<\/p>\n\n\n\n<p>Apenas el pasado 16 de octubre, pobladores del municipio de San Crist\u00f3bal Lachirioag, en la regi\u00f3n de la Sierra Norte de Oaxaca, denunciaron que el presidente Sebasti\u00e1n M\u00e9ndez, encarcel\u00f3 a un perro de raza Pitbull y se negaba a entregarlo a su propietario, amenazando incluso con envenenar a la mascota.<\/p>\n\n\n\n<p>Mientras que el 7 de octubre, la imagen de un perro amarrado por el cuello y sometido con excesivo uso de la fuerza primero por dos trabajadores de Protecci\u00f3n Civil del municipio de Santa Cruz Xoxocotl\u00e1n, cifra que luego increment\u00f3 a cinco, qued\u00f3 registrada en un video que se difundido a trav\u00e9s de las redes sociales.&nbsp;<\/p>\n","protected":false},"excerpt":{"rendered":"<p>Evlin Arag\u00f3n\/Zona Roja. Oaxaca de Ju\u00e1rez, Oax., 2 de noviembre de 2020.- Un video que&hellip;<\/p>\n","protected":false},"author":2,"featured_media":19570,"comment_status":"closed","ping_status":"open","sticky":false,"template":"","format":"standard","meta":{"_lmt_disableupdate":"","_lmt_disable":"","_jetpack_memberships_contains_paid_content":false,"footnotes":""},"categories":[109,47],"tags":[869,2168],"class_list":["post-19569","post","type-post","status-publish","format-standard","has-post-thumbnail","hentry","category-minuto-a-minuto","category-zona-gris","tag-maltrato-animal-oaxaca","tag-san-pablo-huixtepec"],"jetpack_featured_media_url":"https:\/\/zonaroja.com.mx\/wp-content\/uploads\/2020\/11\/Perro-amarrado.jpg","jetpack_sharing_enabled":true,"_links":{"self":[{"href":"https:\/\/zonaroja.com.mx\/index.php?rest_route=\/wp\/v2\/posts\/19569","targetHints":{"allow":["GET"]}}],"collection":[{"href":"https:\/\/zonaroja.com.mx\/index.php?rest_route=\/wp\/v2\/posts"}],"about":[{"href":"https:\/\/zonaroja.com.mx\/index.php?rest_route=\/wp\/v2\/types\/post"}],"author":[{"embeddable":true,"href":"https:\/\/zonaroja.com.mx\/index.php?rest_route=\/wp\/v2\/users\/2"}],"replies":[{"embeddable":true,"href":"https:\/\/zonaroja.com.mx\/index.php?rest_route=%2Fwp%2Fv2%2Fcomments&post=19569"}],"version-history":[{"count":1,"href":"https:\/\/zonaroja.com.mx\/index.php?rest_route=\/wp\/v2\/posts\/19569\/revisions"}],"predecessor-version":[{"id":19571,"href":"https:\/\/zonaroja.com.mx\/index.php?rest_route=\/wp\/v2\/posts\/19569\/revisions\/19571"}],"wp:featuredmedia":[{"embeddable":true,"href":"https:\/\/zonaroja.com.mx\/index.php?rest_route=\/wp\/v2\/media\/19570"}],"wp:attachment":[{"href":"https:\/\/zonaroja.com.mx\/index.php?rest_route=%2Fwp%2Fv2%2Fmedia&parent=19569"}],"wp:term":[{"taxonomy":"category","embeddable":true,"href":"https:\/\/zonaroja.com.mx\/index.php?rest_route=%2Fwp%2Fv2%2Fcategories&post=19569"},{"taxonomy":"post_tag","embeddable":true,"href":"https:\/\/zonaroja.com.mx\/index.php?rest_route=%2Fwp%2Fv2%2Ftags&post=19569"}],"curies":[{"name":"wp","href":"https:\/\/api.w.org\/{rel}","templated":true}]}}