{"id":19572,"date":"2020-11-02T21:06:44","date_gmt":"2020-11-03T03:06:44","guid":{"rendered":"http:\/\/www.zonaroja.com.mx\/?p=19572"},"modified":"2020-11-02T21:06:47","modified_gmt":"2020-11-03T03:06:47","slug":"asesinan-a-dos-personas-en-oaxaca-dos-mas-mueren-por-accidentes","status":"publish","type":"post","link":"https:\/\/zonaroja.com.mx\/?p=19572","title":{"rendered":"Asesinan a dos personas en Oaxaca; dos m\u00e1s mueren por accidentes"},"content":{"rendered":"\n<p>Ismael Garc\u00eda M.\/Zona Roja.<\/p>\n\n\n\n<p>Oaxaca de Ju\u00e1rez, Oax., 2 de noviembre de 2020.- Dos personas fueron asesinadas este domingo en Oaxaca y dos m\u00e1s perdieron la vida, entre ellas una mujer, a causa de percances vehiculares.<\/p>\n\n\n\n<p>A trav\u00e9s de la red social Twitter, el activista social y dirigente de la organizaci\u00f3n Comuna Oaxaca, Flavio Sosa Villavicencio, denunci\u00f3 que en San Baltazar Loxicha fue ultimado un individuo.<\/p>\n\n\n\n<p>Inform\u00f3 que se trata de Rodolfo D\u00edaz Jim\u00e9nez, quien fue emboscado alrededor de las 18:00 horas de este domingo en el paraje \u201cVirolanga y R\u00edo Jord\u00e1n\u201d.<\/p>\n\n\n\n<p>En tanto, tambi\u00e9n este d\u00eda, en Pinotepa Nacional fue hallado el cuerpo de quien en vida se llam\u00f3 Jair Fidel Mej\u00eda Mendoza, de 18 a\u00f1os de edad; presentaba huellas de tortura y disparos de arma de fuego.<\/p>\n\n\n\n<p>El joven hab\u00eda sido reportado como desaparecido desde el 31 de octubre; fue localizado en la calle 25 Sur esquina con 3 Poniente de la colonia 20 de esa ciudad coste\u00f1a colindante con el estado de Guerrero y hasta el momento se desconoce al o los responsables del crimen.<\/p>\n\n\n\n<p>Con respecto a los accidentes, uno de ellos ocurri\u00f3 esta noche en jurisdicci\u00f3n de la Villa de Zaachila, con rumbo a la carretera a Santa In\u00e9s del Monte.<\/p>\n\n\n\n<p>Una camioneta, conducida por una persona presuntamente en estado de ebriedad, arroll\u00f3 a una familia; en el lugar perdi\u00f3 la vida la se\u00f1ora Soledad S. S.<\/p>\n\n\n\n<p>Mientras que los menores M\u00f3nica Alicia, Brisa Yuridia, Sof\u00eda Anali y Carlos Emanuel, de 15, dos, cuatro y 19 a\u00f1os, respectivamente, resultaron lesionados y trasladados a un hospital de la ciudad de Oaxaca.<\/p>\n\n\n\n<figure class=\"wp-block-image size-large\"><img decoding=\"async\" width=\"768\" height=\"1024\" src=\"http:\/\/www.zonaroja.com.mx\/wp-content\/uploads\/2020\/11\/Accidente-Tlaxiaco-768x1024.jpg\" alt=\"\" class=\"wp-image-19574\" srcset=\"https:\/\/zonaroja.com.mx\/wp-content\/uploads\/2020\/11\/Accidente-Tlaxiaco-768x1024.jpg 768w, https:\/\/zonaroja.com.mx\/wp-content\/uploads\/2020\/11\/Accidente-Tlaxiaco-225x300.jpg 225w, https:\/\/zonaroja.com.mx\/wp-content\/uploads\/2020\/11\/Accidente-Tlaxiaco-585x780.jpg 585w, https:\/\/zonaroja.com.mx\/wp-content\/uploads\/2020\/11\/Accidente-Tlaxiaco.jpg 960w\" sizes=\"(max-width: 768px) 100vw, 768px\" \/><\/figure>\n\n\n\n<p>Otro percance tr\u00e1gico ocurri\u00f3 en la regi\u00f3n Mixteca; en la carretera federal 125, Tlaxiaco-Putla, aproximadamente en el kil\u00f3metro 64.<\/p>\n\n\n\n<p>Una camioneta sali\u00f3 del camino y cay\u00f3 a un barranco, lo que dej\u00f3 como saldo una persona fallecida, Jonathan Ortiz Ortiz, de 23 a\u00f1os de edad, originario de Santa Mar\u00eda Yucuhiti.<\/p>\n\n\n\n<p>Resultaron lesionados adem\u00e1s F\u00e1tima \u00c1vila Mendoza, de 21 a\u00f1os, y Jos\u00e9 Javier Barrios, de 23 a\u00f1os, ambos con domicilio en la Heroica Ciudad de Tlaxiaco.<\/p>\n","protected":false},"excerpt":{"rendered":"<p>Ismael Garc\u00eda M.\/Zona Roja. Oaxaca de Ju\u00e1rez, Oax., 2 de noviembre de 2020.- Dos personas&hellip;<\/p>\n","protected":false},"author":2,"featured_media":19573,"comment_status":"closed","ping_status":"open","sticky":false,"template":"","format":"standard","meta":{"_lmt_disableupdate":"","_lmt_disable":"","_jetpack_memberships_contains_paid_content":false,"footnotes":""},"categories":[109,51],"tags":[1564],"class_list":["post-19572","post","type-post","status-publish","format-standard","has-post-thumbnail","hentry","category-minuto-a-minuto","category-zona-roja","tag-asesinatos-oaxaca"],"jetpack_featured_media_url":"https:\/\/zonaroja.com.mx\/wp-content\/uploads\/2020\/11\/Accidente-familia-Zaachila.png","jetpack_sharing_enabled":true,"_links":{"self":[{"href":"https:\/\/zonaroja.com.mx\/index.php?rest_route=\/wp\/v2\/posts\/19572","targetHints":{"allow":["GET"]}}],"collection":[{"href":"https:\/\/zonaroja.com.mx\/index.php?rest_route=\/wp\/v2\/posts"}],"about":[{"href":"https:\/\/zonaroja.com.mx\/index.php?rest_route=\/wp\/v2\/types\/post"}],"author":[{"embeddable":true,"href":"https:\/\/zonaroja.com.mx\/index.php?rest_route=\/wp\/v2\/users\/2"}],"replies":[{"embeddable":true,"href":"https:\/\/zonaroja.com.mx\/index.php?rest_route=%2Fwp%2Fv2%2Fcomments&post=19572"}],"version-history":[{"count":1,"href":"https:\/\/zonaroja.com.mx\/index.php?rest_route=\/wp\/v2\/posts\/19572\/revisions"}],"predecessor-version":[{"id":19575,"href":"https:\/\/zonaroja.com.mx\/index.php?rest_route=\/wp\/v2\/posts\/19572\/revisions\/19575"}],"wp:featuredmedia":[{"embeddable":true,"href":"https:\/\/zonaroja.com.mx\/index.php?rest_route=\/wp\/v2\/media\/19573"}],"wp:attachment":[{"href":"https:\/\/zonaroja.com.mx\/index.php?rest_route=%2Fwp%2Fv2%2Fmedia&parent=19572"}],"wp:term":[{"taxonomy":"category","embeddable":true,"href":"https:\/\/zonaroja.com.mx\/index.php?rest_route=%2Fwp%2Fv2%2Fcategories&post=19572"},{"taxonomy":"post_tag","embeddable":true,"href":"https:\/\/zonaroja.com.mx\/index.php?rest_route=%2Fwp%2Fv2%2Ftags&post=19572"}],"curies":[{"name":"wp","href":"https:\/\/api.w.org\/{rel}","templated":true}]}}