{"id":19579,"date":"2020-11-03T07:35:59","date_gmt":"2020-11-03T13:35:59","guid":{"rendered":"http:\/\/www.zonaroja.com.mx\/?p=19579"},"modified":"2020-11-03T07:36:02","modified_gmt":"2020-11-03T13:36:02","slug":"minimiza-la-fiscalia-feminicidios-en-oaxaca-acusa-consorcio","status":"publish","type":"post","link":"https:\/\/zonaroja.com.mx\/?p=19579","title":{"rendered":"Minimiza la Fiscal\u00eda feminicidios en Oaxaca, acusa Consorcio"},"content":{"rendered":"\n<p>Redacci\u00f3n\/Zona Roja.<\/p>\n\n\n\n<p>Oaxaca de Ju\u00e1rez, Oax., 3 de noviembre de 2020.- En el periodo enero-agosto de 2020, la asociaci\u00f3n civil Consorcio Oaxaca registr\u00f3 74 feminicidios; sin embargo, la Fiscal\u00eda General del Estado de Oaxaca document\u00f3 \u00fanicamente 25 casos.<\/p>\n\n\n\n<p>En un comunicado, Consorcio detall\u00f3 que de acuerdo con el Reporte de Incidencia Delictiva en Oaxaca de enero-agosto de 2020, emitido por la Fiscal\u00eda, las mujeres representan el 45 por ciento (12 mil 639 casos) del total de v\u00edctimas de delitos en la entidad (28 mil 266).<\/p>\n\n\n\n<p>Entre los datos ofrecidos por la instituci\u00f3n se registran 25 feminicidios y 59 homicidios dolosos de mujeres en los primeros ocho meses del a\u00f1o.<\/p>\n\n\n\n<p>No obstante, los datos recuperados por Consorcio para el Di\u00e1logo Parlamentario y la Equidad Oaxaca en la Plataforma de Violencia Feminicida en Oaxaca (PVFO) reflejan que dentro del mismo periodo han ocurrido 74 feminicidios en el estado, cifra que supera considerablemente los casos reportados por la Fiscal\u00eda.<\/p>\n\n\n\n<p>A\u00f1adi\u00f3 que en cuanto al rango de edad de las v\u00edctimas, la estad\u00edstica gubernamental refleja diferencias significativas respecto a las cifras recuperadas por Consorcio Oaxaca, pues en el mismo periodo analizado, cinco ni\u00f1as de 0 a 11 a\u00f1os de edad fueron asesinadas; cuatro adolescentes ten\u00edan entre 12 y 17 a\u00f1os y 49 mujeres ten\u00edan 18 a\u00f1os o m\u00e1s (en comparaci\u00f3n con 20 reportadas por la fiscal\u00eda).<\/p>\n\n\n\n<p>En 16 casos no se cuenta con este dato (la Fiscal\u00eda General tan s\u00f3lo reporta 2 casos).<\/p>\n\n\n\n<figure class=\"wp-block-image size-large\"><img decoding=\"async\" width=\"1024\" height=\"354\" src=\"http:\/\/www.zonaroja.com.mx\/wp-content\/uploads\/2020\/11\/Feminicidios-Oaxaca-Fiscalia-1024x354.png\" alt=\"\" class=\"wp-image-19580\" srcset=\"https:\/\/zonaroja.com.mx\/wp-content\/uploads\/2020\/11\/Feminicidios-Oaxaca-Fiscalia-1024x354.png 1024w, https:\/\/zonaroja.com.mx\/wp-content\/uploads\/2020\/11\/Feminicidios-Oaxaca-Fiscalia-300x104.png 300w, https:\/\/zonaroja.com.mx\/wp-content\/uploads\/2020\/11\/Feminicidios-Oaxaca-Fiscalia-768x265.png 768w, https:\/\/zonaroja.com.mx\/wp-content\/uploads\/2020\/11\/Feminicidios-Oaxaca-Fiscalia-1170x404.png 1170w, https:\/\/zonaroja.com.mx\/wp-content\/uploads\/2020\/11\/Feminicidios-Oaxaca-Fiscalia-585x202.png 585w, https:\/\/zonaroja.com.mx\/wp-content\/uploads\/2020\/11\/Feminicidios-Oaxaca-Fiscalia.png 1436w\" sizes=\"(max-width: 1024px) 100vw, 1024px\" \/><\/figure>\n\n\n\n<p>Al analizar el lugar y modo en que ocurrieron los asesinatos, la organizaci\u00f3n feminista desglosa las siguientes cifras que no est\u00e1n contempladas en el documento emitido por la instituci\u00f3n de procuraci\u00f3n de justicia que encabeza Rub\u00e9n Vasconcelos M\u00e9ndez:<\/p>\n\n\n\n<p>Del lugar donde ocurrieron los feminicidios<\/p>\n\n\n\n<p>+ 43% (32 casos) ocurrieron en espacios p\u00fablicos y 19% (14 casos) en espacios dom\u00e9sticos.<\/p>\n\n\n\n<p>+ 12% (9) de las asesinadas se encontraron en sitios despoblados y fosas clandestinas.<\/p>\n\n\n\n<p>+ 11% (8) de las v\u00edctimas fueron agredidas en transporte particular y 8% (6 casos) en transporte p\u00fablico.<\/p>\n\n\n\n<p>+ 8% (6 casos) fueron asesinadas en espacios comunitarios.<\/p>\n\n\n\n<p>Del modo de agresi\u00f3n a las v\u00edctimas<\/p>\n\n\n\n<p>+ 84% (62 casos) fueron asesinadas con arma de fuego.<\/p>\n\n\n\n<p>+ 31% (23 casos) recibieron m\u00faltiples disparos por parte de grupos armados.<\/p>\n\n\n\n<p>+ 9% (7 casos) fueron golpeadas brutalmente antes de ser asesinadas.<\/p>\n\n\n\n<p>A\u00f1adi\u00f3 que en la informaci\u00f3n presentada por la Fiscal\u00eda General de Oaxaca se sostiene que 23 de los 25 asesinatos de mujeres se iniciaron como tal, sin mencionar cu\u00e1ntos de \u00e9stos fueron consignados como feminicidios, lo cual refleja&nbsp; la opacidad con la que se procura la justicia en Oaxaca.<\/p>\n\n\n\n<p>A\u00f1adi\u00f3 que hay una cadena de impunidad que Alejandro Murat Hinojosa ha perpetuado a lo largo de su mandato.<\/p>\n\n\n\n<p>Reflejo de lo anterior, son los 466 de feminicidios que se han cometido durante su administraci\u00f3n (hasta el 30 de octubre), seg\u00fan el registro hemerogr\u00e1fico de Consorcio Oaxaca, \u201corganizaci\u00f3n que seguir\u00e1 exigiendo a la Fiscal\u00eda General del Estado de Oaxaca y al Gobierno del Estado dejen ya de simular la grave situaci\u00f3n de violencia feminicida que atenta contra la seguridad y bienestar de las mujeres y ni\u00f1as en la entidad\u201d.<\/p>\n","protected":false},"excerpt":{"rendered":"<p>Redacci\u00f3n\/Zona Roja. Oaxaca de Ju\u00e1rez, Oax., 3 de noviembre de 2020.- En el periodo enero-agosto&hellip;<\/p>\n","protected":false},"author":2,"featured_media":19581,"comment_status":"closed","ping_status":"open","sticky":false,"template":"","format":"standard","meta":{"_lmt_disableupdate":"","_lmt_disable":"","_jetpack_memberships_contains_paid_content":false,"footnotes":""},"categories":[109,47],"tags":[610],"class_list":["post-19579","post","type-post","status-publish","format-standard","has-post-thumbnail","hentry","category-minuto-a-minuto","category-zona-gris","tag-feminicidios-oaxaca"],"jetpack_featured_media_url":"https:\/\/zonaroja.com.mx\/wp-content\/uploads\/2020\/11\/1.png","jetpack_sharing_enabled":true,"_links":{"self":[{"href":"https:\/\/zonaroja.com.mx\/index.php?rest_route=\/wp\/v2\/posts\/19579","targetHints":{"allow":["GET"]}}],"collection":[{"href":"https:\/\/zonaroja.com.mx\/index.php?rest_route=\/wp\/v2\/posts"}],"about":[{"href":"https:\/\/zonaroja.com.mx\/index.php?rest_route=\/wp\/v2\/types\/post"}],"author":[{"embeddable":true,"href":"https:\/\/zonaroja.com.mx\/index.php?rest_route=\/wp\/v2\/users\/2"}],"replies":[{"embeddable":true,"href":"https:\/\/zonaroja.com.mx\/index.php?rest_route=%2Fwp%2Fv2%2Fcomments&post=19579"}],"version-history":[{"count":1,"href":"https:\/\/zonaroja.com.mx\/index.php?rest_route=\/wp\/v2\/posts\/19579\/revisions"}],"predecessor-version":[{"id":19582,"href":"https:\/\/zonaroja.com.mx\/index.php?rest_route=\/wp\/v2\/posts\/19579\/revisions\/19582"}],"wp:featuredmedia":[{"embeddable":true,"href":"https:\/\/zonaroja.com.mx\/index.php?rest_route=\/wp\/v2\/media\/19581"}],"wp:attachment":[{"href":"https:\/\/zonaroja.com.mx\/index.php?rest_route=%2Fwp%2Fv2%2Fmedia&parent=19579"}],"wp:term":[{"taxonomy":"category","embeddable":true,"href":"https:\/\/zonaroja.com.mx\/index.php?rest_route=%2Fwp%2Fv2%2Fcategories&post=19579"},{"taxonomy":"post_tag","embeddable":true,"href":"https:\/\/zonaroja.com.mx\/index.php?rest_route=%2Fwp%2Fv2%2Ftags&post=19579"}],"curies":[{"name":"wp","href":"https:\/\/api.w.org\/{rel}","templated":true}]}}