{"id":19583,"date":"2020-11-03T07:50:30","date_gmt":"2020-11-03T13:50:30","guid":{"rendered":"http:\/\/www.zonaroja.com.mx\/?p=19583"},"modified":"2020-11-03T07:50:33","modified_gmt":"2020-11-03T13:50:33","slug":"calles-de-la-capital-oaxaquena-inseguras-para-el-82-de-su-poblacion-encuesta","status":"publish","type":"post","link":"https:\/\/zonaroja.com.mx\/?p=19583","title":{"rendered":"Calles de la capital oaxaque\u00f1a, inseguras para el 82% de su poblaci\u00f3n: Encuesta"},"content":{"rendered":"\n<p>Yuridiana Sosa\/Zona Roja.<\/p>\n\n\n\n<p>Oaxaca de Oaxaca, Oax., 3 de noviembre de 2020.-&nbsp; La capital de Oaxaca ha dejado de sentirse como un lugar seguro para sus habitantes; m\u00e1s de la mitad de su poblaci\u00f3n siente temor de ser v\u00edctimas de la delincuencia y un poco m\u00e1s, considera que en el 2020 ha incrementado la inseguridad.<\/p>\n\n\n\n<p>Datos de la Encuesta de Victimizaci\u00f3n y Cultura de la Legalidad (EVCL) en Oaxaca de 2020, publicada por el Observatorio Nacional Ciudadano, dan cuenta de la dif\u00edcil situaci\u00f3n a la que los capitalinos oaxaque\u00f1os se enfrentan.<\/p>\n\n\n\n<p>El estudio revel\u00f3 que el 82.1 por ciento de la poblaci\u00f3n de Oaxaca de Ju\u00e1rez indic\u00f3 sentirse inseguro al transitar por el centro de la ciudad, mientras que el 61 por ciento refiri\u00f3 que la inseguridad, a su percepci\u00f3n, se increment\u00f3 en los \u00faltimos 12 meses.<\/p>\n\n\n\n<p>Adem\u00e1s, en la capital &#8211;gobernada por Oswaldo Garc\u00eda Jarqu\u00edn, del Partido Morena&#8211; el 77 por ciento de los ciudadanos encuestadas tambi\u00e9n se sienten inseguros en los parques y hasta en los centros comerciales, con el 64.3 por ciento de esta percepci\u00f3n de poca seguridad.<\/p>\n\n\n\n<p>As\u00ed como que, el 61.2 por ciento de los oaxaque\u00f1os tampoco se sienten seguros al abordar el transporte p\u00fablico y el 51.7 por ciento de los encuestados dijo que al salir de casa siente temor a ser v\u00edctimas de la delincuencia.<\/p>\n\n\n\n<p>POCA CONFIANZA<\/p>\n\n\n\n<p>El nivel de confianza que el presidente municipal genera en su ciudad tambi\u00e9n es desfavorable. La encuesta indic\u00f3 que s\u00f3lo el 4.9 por ciento tiene mucha confianza en su autoridad municipal, mientras que el 38.3 por ciento dijo que poca y 18.6 por ciento, nada.<\/p>\n\n\n\n<p>Es la Polic\u00eda Municipal la que genera m\u00e1s desconfianza, con el 34.6 por ciento, en caso contrario el 80 por ciento de la poblaci\u00f3n conf\u00eda en la Marina y el Ej\u00e9rcito como instituciones.<\/p>\n\n\n\n<p>La Encuesta de Victimizaci\u00f3n y Cultura de la Legalidad (EVCL) destac\u00f3 que el 23.1 por ciento de los habitantes de Oaxaca de Ju\u00e1rez desconf\u00eda en el Ministerio P\u00fablico.<\/p>\n\n\n\n<p>As\u00ed como que son las Asociaciones Civiles las que generan m\u00e1s confianza, al respaldarlas un 53.3 por ciento de los encuestados.<\/p>\n\n\n\n<p>SOBRE CORRUPCI\u00d3N<\/p>\n\n\n\n<p>Con relaci\u00f3n a las pr\u00e1cticas de corrupci\u00f3n, el 84.6 por ciento dijo que considera que es la Polic\u00eda de Tr\u00e1nsito la autoridad donde actos de este tipo se llevan a cabo.<\/p>\n\n\n\n<p>Pero fue el 46.5 por ciento la que consider\u00f3 a la Polic\u00eda de Tr\u00e1nsito como la m\u00e1s corrupta, seguido del Ministerio P\u00fablico con 30.4 por ciento y la Polic\u00eda Municipal con 25.4 por ciento.<\/p>\n\n\n\n<p>El 4.9 por ciento de la poblaci\u00f3n encuestada indic\u00f3 haber sido part\u00edcipe en actos de corrupci\u00f3n en 2019, siendo con la Polic\u00eda de Tr\u00e1nsito con quien lo llev\u00f3 a cabo.<\/p>\n\n\n\n<p>Los ciudadanos apuntaron que a cambio de un beneficio ofrecieron u otorgaron dinero, en la mayor\u00eda de los casos 200 pesos fue la cantidad econ\u00f3mica con mayor solicitud.&nbsp;<\/p>\n\n\n\n<p>Para la poblaci\u00f3n, la Marina y el Ej\u00e9rcito son las autoridades donde menos pr\u00e1cticas de corrupci\u00f3n existen, con el 31.7 por ciento y 24.7 por ciento, respectivamente.<\/p>\n\n\n\n<p>DELITOS FRECUENTES<\/p>\n\n\n\n<p>El delito que sobresali\u00f3 en la encuesta fue el robo de veh\u00edculos ocurrido en su mayor\u00eda por la madrugada, pero de \u00c9stos, el 39.6 por ciento ocurri\u00f3 fuera de sus domicilios. La bater\u00eda del veh\u00edculo fue el accesorio m\u00e1s robado.<\/p>\n\n\n\n<p>Respecto a la forma en la que fueron v\u00edctimas de un robo, el 41.9 por ciento fue amedrentado con un arma blanca y el 20.7 por ciento con arma de fuego.&nbsp; El celular y dinero en efectivo fueron las pertenec\u00edas m\u00e1s robadas.<\/p>\n\n\n\n<p>En los casos de extorsi\u00f3n, la mayor\u00eda ocurri\u00f3 en diciembre durante la tarde, la modalidad con mayor prevalencia fue por tel\u00e9fono, y en cerca de la mitad de casos se exigi\u00f3 la cantidad de 50 mil pesos.<\/p>\n\n\n\n<p>Por otra parte, el 82.1 por ciento la poblaci\u00f3n encuestada apunt\u00f3 que alrededor de su domicilio se ha cometido robo; 52.9 por ciento consumo de drogas; 45.2 por ciento disparos de arma de fuego, mientras que venta de droga, 28.5 por ciento y extorsi\u00f3n o cobro de piso con 11.6 por ciento.<\/p>\n\n\n\n<p>SIN DENUNCIAS<\/p>\n\n\n\n<p>El Observatorio Ciudadano public\u00f3 que la EVCL tambi\u00e9n revel\u00f3 que s\u00f3lo el 13.6 por ciento de los ciudadanos v\u00edctimas de un delito acudi\u00f3 a denunciar el hecho.<\/p>\n\n\n\n<p>El 79.5 por ciento de la poblaci\u00f3n que no denunci\u00f3 el hecho dijo que el motivo fue por considerarlo una p\u00e9rdida de tiempo.<\/p>\n\n\n\n<p>LAS MEDIDAS<\/p>\n\n\n\n<p>Para el 83.1 por ciento de los capitalinos encuestados, la vivienda es el lugar m\u00e1s seguro, por lo que al salir a la calle represent\u00f3 cambios, como no portar joyas o alhajas, no dejar salir a los menores de edad solos, cambiar rutas en traslados habituales, as\u00ed como mayor seguridad en las cerraduras, rejas, ventanas e instalar de c\u00e1maras de video vigilancia.<\/p>\n\n\n\n<p>A los capitalinos de Oaxaca, el gobierno de la Cuarta Transformaci\u00f3n les cumpli\u00f3 a la inversa, incluso, eso tambi\u00e9n le ha costado al edil mantenerse en bajos niveles de aprobaci\u00f3n a su gobierno de acuerdo a encuestas nacionales, que lo posiciona en niveles medios y cada vez m\u00e1s cercanos al rango de baja aceptaci\u00f3n.<\/p>\n\n\n\n<p>Apenas la madrugada de este domingo un joven trabajador fue apu\u00f1alado y muerto en pleno Centro Hist\u00f3rico de la ciudad de Oaxaca, a dos cuadras de la Alameda de Le\u00f3n y a tres cuadras de la sede del palacio municipal.&nbsp;<\/p>\n","protected":false},"excerpt":{"rendered":"<p>Yuridiana Sosa\/Zona Roja. Oaxaca de Oaxaca, Oax., 3 de noviembre de 2020.-&nbsp; La capital de&hellip;<\/p>\n","protected":false},"author":2,"featured_media":14803,"comment_status":"closed","ping_status":"open","sticky":false,"template":"","format":"standard","meta":{"_lmt_disableupdate":"","_lmt_disable":"","_jetpack_memberships_contains_paid_content":false,"footnotes":""},"categories":[109,47],"tags":[148,115],"class_list":["post-19583","post","type-post","status-publish","format-standard","has-post-thumbnail","hentry","category-minuto-a-minuto","category-zona-gris","tag-oaxaca-de-juarez","tag-oswaldo-garcia-jarquin"],"jetpack_featured_media_url":"https:\/\/zonaroja.com.mx\/wp-content\/uploads\/2020\/07\/Ciudad-de-Oaxaca.jpg","jetpack_sharing_enabled":true,"_links":{"self":[{"href":"https:\/\/zonaroja.com.mx\/index.php?rest_route=\/wp\/v2\/posts\/19583","targetHints":{"allow":["GET"]}}],"collection":[{"href":"https:\/\/zonaroja.com.mx\/index.php?rest_route=\/wp\/v2\/posts"}],"about":[{"href":"https:\/\/zonaroja.com.mx\/index.php?rest_route=\/wp\/v2\/types\/post"}],"author":[{"embeddable":true,"href":"https:\/\/zonaroja.com.mx\/index.php?rest_route=\/wp\/v2\/users\/2"}],"replies":[{"embeddable":true,"href":"https:\/\/zonaroja.com.mx\/index.php?rest_route=%2Fwp%2Fv2%2Fcomments&post=19583"}],"version-history":[{"count":1,"href":"https:\/\/zonaroja.com.mx\/index.php?rest_route=\/wp\/v2\/posts\/19583\/revisions"}],"predecessor-version":[{"id":19584,"href":"https:\/\/zonaroja.com.mx\/index.php?rest_route=\/wp\/v2\/posts\/19583\/revisions\/19584"}],"wp:featuredmedia":[{"embeddable":true,"href":"https:\/\/zonaroja.com.mx\/index.php?rest_route=\/wp\/v2\/media\/14803"}],"wp:attachment":[{"href":"https:\/\/zonaroja.com.mx\/index.php?rest_route=%2Fwp%2Fv2%2Fmedia&parent=19583"}],"wp:term":[{"taxonomy":"category","embeddable":true,"href":"https:\/\/zonaroja.com.mx\/index.php?rest_route=%2Fwp%2Fv2%2Fcategories&post=19583"},{"taxonomy":"post_tag","embeddable":true,"href":"https:\/\/zonaroja.com.mx\/index.php?rest_route=%2Fwp%2Fv2%2Ftags&post=19583"}],"curies":[{"name":"wp","href":"https:\/\/api.w.org\/{rel}","templated":true}]}}