{"id":1959,"date":"2019-07-01T16:25:01","date_gmt":"2019-07-01T21:25:01","guid":{"rendered":"http:\/\/www.zonaroja.com.mx\/?p=1959"},"modified":"2019-07-01T16:34:00","modified_gmt":"2019-07-01T21:34:00","slug":"en-medio-dia-del-1-de-julio-delincuente-fugado-dos-asaltos-y-dos-balaceras","status":"publish","type":"post","link":"https:\/\/zonaroja.com.mx\/?p=1959","title":{"rendered":"En medio d\u00eda del 1 de julio: delincuente fugado, dos asaltos y dos balaceras"},"content":{"rendered":"\n<p>Ismael Garc\u00eda\nM.<\/p>\n\n\n\n<p>Oaxaca de\nJu\u00e1rez, Oax., 1 de julio de 2019.- Mientras desde el Palacio de Gobierno\nautoridades estatales y federales afirmaban que Oaxaca se encuentra en paz y\ncon seguridad, en las primeras horas del lunes se cometieron al menos dos\nasaltos violentos, adem\u00e1s de la fuga de un reo peligroso desde un hospital y\ndisparos de armas de fuego en dos sitios.<\/p>\n\n\n\n<p>Alrededor de\nla 01:30 horas, del hospital general de San Juan Bautista Tuxtepec &#8211;a cargo de\nlos Servicios de Salud de Oaxaca&#8211; se evadi\u00f3 sin violencia un presunto\nintegrante de la delincuencia organizada, identificado de manera preliminar como\nTom\u00e1s L. V., a quienes supuestamente custodiaban dos elementos de la Polic\u00eda\nEstatal.<\/p>\n\n\n\n<p>El individuo\nfue capturado en marzo pasado en un operativo en que hubo disparos de arma de\nfuego, por el cual result\u00f3 lesionado; convalec\u00eda en el Hospital de Loma Bonita\npero aparent\u00f3 ponerse grave, por lo que fue llevado al nosocomio de Tuxtepec.<\/p>\n\n\n\n<p>Ah\u00ed\nargument\u00f3 que iba al sanitario pero sali\u00f3 sin problema del hospital, sin que\naparentemente se dieran cuenta los polic\u00edas.<\/p>\n\n\n\n<p>SE INVESTIGA<\/p>\n\n\n\n<p>A la salida del Palacio de Gobierno, donde esta ma\u00f1ana particip\u00f3 en una conferencia en materia de seguridad, el titular de Seguridad P\u00fablica, Ernesto Salcedo, reconoci\u00f3 la evasi\u00f3n. <\/p>\n\n\n\n<figure class=\"wp-block-embed-twitter wp-block-embed is-type-rich is-provider-twitter\"><div class=\"wp-block-embed__wrapper\">\n<div class=\"twitter-tweet\"><blockquote class=\"twitter-tweet\" data-lang=\"es\"><p lang=\"es\" dir=\"ltr\"><a href=\"https:\/\/twitter.com\/hashtag\/OaxacaRojo?src=hash&amp;ref_src=twsrc%5Etfw\">#OaxacaRojo<\/a><br>Acepta titular de la <a href=\"https:\/\/twitter.com\/SSP_GobOax?ref_src=twsrc%5Etfw\">@SSP_GobOax<\/a>, Ernesto Salcedo, que un presunto l\u00edder de una plaza de la delincuencia organizada (Tom\u00e1s L. V.), se le escap\u00f3 la madrugada de hoy a elementos de la <a href=\"https:\/\/twitter.com\/Policia_GobOax?ref_src=twsrc%5Etfw\">@Policia_GobOax<\/a> en un hospital de San Juan Bautista Tuxtepec. <a href=\"https:\/\/t.co\/5IXn5FgHn7\">pic.twitter.com\/5IXn5FgHn7<\/a><\/p>&mdash; Zona Roja Oaxaca (@MexRoja) <a href=\"https:\/\/twitter.com\/MexRoja\/status\/1145704397399216133?ref_src=twsrc%5Etfw\">1 de julio de 2019<\/a><\/blockquote><\/div>\n<\/div><\/figure>\n\n\n\n<p>\u201cNo s\u00e9 el\ngrado de responsabilidad que tuviera en una organizaci\u00f3n criminal, eso forma\nparte del proceso de investigaci\u00f3n que trae la Fiscal\u00eda General de la Rep\u00fablica,\npero s\u00ed estaba acusado de una serie de delitos, a lo que nosotros nos\ncorresponde es avocarnos a la b\u00fasqueda en coordinaci\u00f3n con las dem\u00e1s\ncorporaciones.<\/p>\n\n\n\n<p>\u201cLa Polic\u00eda\nEstatal estaba como responsable, los elementos que estaban como responsables de\nese trabajo est\u00e1n puestos a disposici\u00f3n de la Fiscal\u00eda General de la Rep\u00fablica\u2026\nla evasi\u00f3n fue en t\u00e9rminos, digamos, pac\u00edfica, no hubo agresi\u00f3n, estamos\ninvestigando\u201d, declar\u00f3.<\/p>\n\n\n\n<p>No obstante,\nhoras m\u00e1s tarde la Secretar\u00eda de Seguridad P\u00fablica emiti\u00f3 una ficha de b\u00fasqueda\nde Adalberto Soto Segura y\/o Adalberto Soto Villa y\/o Alberto Soto V\u00e1squez,\ncomo la persona que se fug\u00f3 este 1 de julio del hospital de Tuxtepec.<\/p>\n\n\n\n<p>\u201cDebido a su\nalta peligrosidad, se sugiere tomar las siguientes medidas preventivas: a los\ncuerpos de seguridad de los tres niveles de gobierno, hacerles del conocimiento\nal personal operativo para su detenci\u00f3n inmediata y oportuna; a la ciudadan\u00eda\nen general, si es visto, no intente detenerlo\u201d.<\/p>\n\n\n\n<p>Supuestamente\nel 26 de febrero de 2019 fue ingresado al reclusorio regional de Tuxtepec por\nel delito de tentativa de homicidio, posesi\u00f3n de cargadores y es presunto l\u00edder\ndel C\u00e1rtel Jalisco Nueva Generaci\u00f3n en Tuxtepec. El originario de Playa Vicente,\nVeracruz, de 21 a\u00f1os de edad, se fug\u00f3 hoy.<\/p>\n\n\n\n<figure class=\"wp-block-image\"><img decoding=\"async\" width=\"960\" height=\"720\" src=\"http:\/\/www.zonaroja.com.mx\/wp-content\/uploads\/2019\/07\/a048bfa6-badf-494b-b80d-990628d6b115.jpg\" alt=\"\" class=\"wp-image-1960\" srcset=\"https:\/\/zonaroja.com.mx\/wp-content\/uploads\/2019\/07\/a048bfa6-badf-494b-b80d-990628d6b115.jpg 960w, https:\/\/zonaroja.com.mx\/wp-content\/uploads\/2019\/07\/a048bfa6-badf-494b-b80d-990628d6b115-300x225.jpg 300w, https:\/\/zonaroja.com.mx\/wp-content\/uploads\/2019\/07\/a048bfa6-badf-494b-b80d-990628d6b115-768x576.jpg 768w, https:\/\/zonaroja.com.mx\/wp-content\/uploads\/2019\/07\/a048bfa6-badf-494b-b80d-990628d6b115-585x439.jpg 585w\" sizes=\"(max-width: 960px) 100vw, 960px\" \/><\/figure>\n\n\n\n<p>M\u00c1S DELITOS<\/p>\n\n\n\n<p>Por otra\nparte, cerca del mediod\u00eda, en Plaza Oaxaca, centro comercial ubicado al sur del\nCentro Hist\u00f3rico de la capital, se perpetr\u00f3 un asalto a mano armada.<\/p>\n\n\n\n<p>Del banco\nBanorte salieron al menos dos personas, trabajadores de una empresa\nconstructora, para abordar su veh\u00edculo, en el estacionamiento; sin embargo, de\ninmediato aparecieron al menos dos personas armadas, que le dispar\u00f3 a uno de\nellos, identificado como Eloy P\u00e9rez, a quien le lesionaron la pierna y le\nrobaron 35 mil pesos en efectivo.<\/p>\n\n\n\n<p>Mientras\ntanto en Tuxtepec ocurri\u00f3 otro asalto violento a una tienda Oxxo, en\ninmediaciones del fraccionamiento Los \u00c1ngeles.<\/p>\n\n\n\n<p>Fueron al\nmenos tres individuos armados que ingresaron a la tienda de conveniencia,\namagaron a clientes y trabajadores, los despojaron de dinero y equipos, tras lo\ncual se fugaron.<\/p>\n\n\n\n<p>LAS\nBALACERAS<\/p>\n\n\n\n<p>En Mat\u00edas\nRomero Avenda\u00f1o, municipio istme\u00f1o, se desat\u00f3 un enfrentamiento entre grupos\narmados, en la colina Pueblo Nuevo, cerca de un centro preescolar; no hubo\nv\u00edctimas pero s\u00ed p\u00e1nico entre estudiantes, maestros y padres de familia.<\/p>\n\n\n\n<p>Despu\u00e9s del\nmediod\u00eda, en el exterior de la Facultad de Contadur\u00eda y Administraci\u00f3n de la\nUABJO, en Ciudad Universitaria de la capital del estado, se reportaron\ndetonaciones de arma de fuego, sin que hubiera v\u00edctimas mortales o lesionados;\npresuntamente fueron \u201cporros\u201d encabezados por quien es conocido como \u201cEl Crosty\u201d,\nenviado por el ex director del plantel, Geovani Cabrera Ramos.<\/p>\n","protected":false},"excerpt":{"rendered":"<p>Ismael Garc\u00eda M. Oaxaca de Ju\u00e1rez, Oax., 1 de julio de 2019.- Mientras desde el&hellip;<\/p>\n","protected":false},"author":2,"featured_media":1961,"comment_status":"closed","ping_status":"open","sticky":false,"template":"","format":"standard","meta":{"_lmt_disableupdate":"","_lmt_disable":"","_jetpack_memberships_contains_paid_content":false,"footnotes":""},"categories":[109,51],"tags":[280,175],"class_list":["post-1959","post","type-post","status-publish","format-standard","has-post-thumbnail","hentry","category-minuto-a-minuto","category-zona-roja","tag-fuga-de-reo-en-tuxtepec","tag-secretaria-de-seguridad-publica-de-oaxaca"],"jetpack_featured_media_url":"https:\/\/zonaroja.com.mx\/wp-content\/uploads\/2019\/07\/IMG_4855.jpg","jetpack_sharing_enabled":true,"_links":{"self":[{"href":"https:\/\/zonaroja.com.mx\/index.php?rest_route=\/wp\/v2\/posts\/1959","targetHints":{"allow":["GET"]}}],"collection":[{"href":"https:\/\/zonaroja.com.mx\/index.php?rest_route=\/wp\/v2\/posts"}],"about":[{"href":"https:\/\/zonaroja.com.mx\/index.php?rest_route=\/wp\/v2\/types\/post"}],"author":[{"embeddable":true,"href":"https:\/\/zonaroja.com.mx\/index.php?rest_route=\/wp\/v2\/users\/2"}],"replies":[{"embeddable":true,"href":"https:\/\/zonaroja.com.mx\/index.php?rest_route=%2Fwp%2Fv2%2Fcomments&post=1959"}],"version-history":[{"count":2,"href":"https:\/\/zonaroja.com.mx\/index.php?rest_route=\/wp\/v2\/posts\/1959\/revisions"}],"predecessor-version":[{"id":1963,"href":"https:\/\/zonaroja.com.mx\/index.php?rest_route=\/wp\/v2\/posts\/1959\/revisions\/1963"}],"wp:featuredmedia":[{"embeddable":true,"href":"https:\/\/zonaroja.com.mx\/index.php?rest_route=\/wp\/v2\/media\/1961"}],"wp:attachment":[{"href":"https:\/\/zonaroja.com.mx\/index.php?rest_route=%2Fwp%2Fv2%2Fmedia&parent=1959"}],"wp:term":[{"taxonomy":"category","embeddable":true,"href":"https:\/\/zonaroja.com.mx\/index.php?rest_route=%2Fwp%2Fv2%2Fcategories&post=1959"},{"taxonomy":"post_tag","embeddable":true,"href":"https:\/\/zonaroja.com.mx\/index.php?rest_route=%2Fwp%2Fv2%2Ftags&post=1959"}],"curies":[{"name":"wp","href":"https:\/\/api.w.org\/{rel}","templated":true}]}}