{"id":19594,"date":"2020-11-03T15:48:47","date_gmt":"2020-11-03T21:48:47","guid":{"rendered":"http:\/\/www.zonaroja.com.mx\/?p=19594"},"modified":"2020-11-03T16:45:57","modified_gmt":"2020-11-03T22:45:57","slug":"ademas-de-muerto-en-loxicha-hay-dos-desaparecidos-y-policias-retenidos","status":"publish","type":"post","link":"https:\/\/zonaroja.com.mx\/?p=19594","title":{"rendered":"Adem\u00e1s de muerto en Loxicha, hay dos desaparecidos y polic\u00edas retenidos"},"content":{"rendered":"\n<p>Yuridiana Sosa\/Zona Roja.<\/p>\n\n\n\n<p>Oaxaca de Ju\u00e1rez, Oax., 3 de noviembre de 2020.- Adem\u00e1s del asesinato de Rodolfo D\u00edaz Jim\u00e9nez, l\u00edder social en San Baltazar Loxicha, hay dos ind\u00edgenas desaparecidos, Reynaldo Bautista Bautista y Eutiquio Bautista Pacheco.<\/p>\n\n\n\n<p>Asimismo, pese al di\u00e1logo con autoridades estatales, hasta el momento permanecen retenidos cuatro elementos de la Polic\u00eda Estatal, dependiente de la Secretar\u00eda de Seguridad P\u00fablica de Oaxaca, as\u00ed como una patrulla, con el n\u00famero econ\u00f3mico 0-444.<\/p>\n\n\n\n<p>El crimen fue perpetrado ayer 2 de noviembre por la tarde en un paraje de Loxicha y los pobladores culpan a Aten\u00f3genes Mart\u00ednez, quien se ostenta como presidente municipal, pero es desconocido por la comunidad.<\/p>\n\n\n\n<p>Los pobladores demandan la intervenci\u00f3n de organismos defensores de derechos humanos y responsabilizan al gobernador Alejandro Murat Hinojosa, por la omisi\u00f3n de las dependencias estatales para mantener la paz en las comunidades.<\/p>\n\n\n\n<p>A trav\u00e9s de un comunicado, autoridades populares reconocidas por la comunidad \u2013regida por Sistemas Normativos Internos- detallaron sobre los actos en contra de la poblaci\u00f3n cometidos por el Aten\u00f3genes Jim\u00e9nez Mart\u00ednez, desconocido previamente por sus habitantes.<\/p>\n\n\n\n<figure class=\"wp-block-embed-twitter wp-block-embed is-type-rich is-provider-twitter\"><div class=\"wp-block-embed__wrapper\">\n<div class=\"twitter-tweet\"><blockquote class=\"twitter-tweet\" data-lang=\"es\"><p lang=\"es\" dir=\"ltr\"><a href=\"https:\/\/twitter.com\/hashtag\/%C3%9AltimaHora?src=hash&amp;ref_src=twsrc%5Etfw\">#\u00daltimaHora<\/a> <br>Adem\u00e1s de un l\u00edder social asesinado ayer por la tarde, en San Baltazar Loxicha, Oaxaca, tambi\u00e9n hay dos personas desaparecidas y la retenci\u00f3n de una partida de la <a href=\"https:\/\/twitter.com\/Policia_GobOax?ref_src=twsrc%5Etfw\">@Policia_GobOax<\/a>. A\u00fan no hay versi\u00f3n oficial del <a href=\"https:\/\/twitter.com\/GobOax?ref_src=twsrc%5Etfw\">@GobOax<\/a>. <a href=\"https:\/\/twitter.com\/DDHPO?ref_src=twsrc%5Etfw\">@DDHPO<\/a> <a href=\"https:\/\/twitter.com\/CNDH?ref_src=twsrc%5Etfw\">@CNDH<\/a> <a href=\"https:\/\/twitter.com\/SEGOB_mx?ref_src=twsrc%5Etfw\">@SEGOB_mx<\/a> <a href=\"https:\/\/t.co\/I42un3ak0y\">pic.twitter.com\/I42un3ak0y<\/a><\/p>&mdash; Zona Roja Oaxaca (@MexRoja) <a href=\"https:\/\/twitter.com\/MexRoja\/status\/1323639396860600323?ref_src=twsrc%5Etfw\">3 de noviembre de 2020<\/a><\/blockquote><\/div>\n<\/div><\/figure>\n\n\n\n<p>Indicaron que \u00e9ste es manipulado por Abraham L\u00f3pez Mart\u00ednez, presidente de San Pablo Coatl\u00e1n, pero quien tambi\u00e9n ha sido acusado de involucrar al PRI en la vida pol\u00edtica de su comunidad regida por Usos y Costumbres.<\/p>\n\n\n\n<p>Este 2 de noviembre cerca del mediod\u00eda arrib\u00f3 a San Baltazar Loxicha una patrulla de la Polic\u00eda Estatal, quienes iban a bordo de la camioneta, detall\u00f3 el comunicado.<\/p>\n\n\n\n<p>Esta acci\u00f3n provoc\u00f3 la inconformidad de los habitantes, quienes se organizaron y retuvieron a los cuatro elementos de la patrulla PE-0444.<\/p>\n\n\n\n<p>Para dar aviso del acontecimiento al Gobierno del Estado, tres de sus habitantes tuvieron que salir de la poblaci\u00f3n debido a que este 2 de noviembre, casualmente dicen, se presentaron fallas en la se\u00f1al de telefon\u00eda celular, as\u00ed como en el servicio de la energ\u00eda el\u00e9ctrica.<\/p>\n\n\n\n<p>Alrededor de las 16:0 horas, Rodolfo D\u00edaz Jim\u00e9nez, Reynaldo Bautista Bautista y Eutiquio Bautista Pacheco buscaron ayuda, pero en su regreso, cerca de las 18:00 horas, fueron atacados con armas de fuego en el paraje conocido como \u201cViralonga\u201d y R\u00edo Jord\u00e1n; hecho del que muri\u00f3 el l\u00edder social D\u00edaz Jim\u00e9nez.<\/p>\n\n\n\n<p>Los habitantes exigieron la destituci\u00f3n oficial del edil Aten\u00f3genes Mart\u00ednez, as\u00ed como la investigaci\u00f3n del hecho puntual de los hechos.<\/p>\n\n\n\n<figure class=\"wp-block-image size-large\"><img decoding=\"async\" width=\"552\" height=\"696\" src=\"http:\/\/www.zonaroja.com.mx\/wp-content\/uploads\/2020\/11\/Comunicado-San-Baltazar.jpg\" alt=\"\" class=\"wp-image-19596\" srcset=\"https:\/\/zonaroja.com.mx\/wp-content\/uploads\/2020\/11\/Comunicado-San-Baltazar.jpg 552w, https:\/\/zonaroja.com.mx\/wp-content\/uploads\/2020\/11\/Comunicado-San-Baltazar-238x300.jpg 238w\" sizes=\"(max-width: 552px) 100vw, 552px\" \/><\/figure>\n","protected":false},"excerpt":{"rendered":"<p>Yuridiana Sosa\/Zona Roja. Oaxaca de Ju\u00e1rez, Oax., 3 de noviembre de 2020.- Adem\u00e1s del asesinato&hellip;<\/p>\n","protected":false},"author":2,"featured_media":19595,"comment_status":"closed","ping_status":"open","sticky":false,"template":"","format":"standard","meta":{"_lmt_disableupdate":"","_lmt_disable":"","_jetpack_memberships_contains_paid_content":false,"footnotes":""},"categories":[109,47],"tags":[1227],"class_list":["post-19594","post","type-post","status-publish","format-standard","has-post-thumbnail","hentry","category-minuto-a-minuto","category-zona-gris","tag-san-baltazar-loxicha"],"jetpack_featured_media_url":"https:\/\/zonaroja.com.mx\/wp-content\/uploads\/2020\/11\/Patrulla-retenida-San-Baltazar.jpg","jetpack_sharing_enabled":true,"_links":{"self":[{"href":"https:\/\/zonaroja.com.mx\/index.php?rest_route=\/wp\/v2\/posts\/19594","targetHints":{"allow":["GET"]}}],"collection":[{"href":"https:\/\/zonaroja.com.mx\/index.php?rest_route=\/wp\/v2\/posts"}],"about":[{"href":"https:\/\/zonaroja.com.mx\/index.php?rest_route=\/wp\/v2\/types\/post"}],"author":[{"embeddable":true,"href":"https:\/\/zonaroja.com.mx\/index.php?rest_route=\/wp\/v2\/users\/2"}],"replies":[{"embeddable":true,"href":"https:\/\/zonaroja.com.mx\/index.php?rest_route=%2Fwp%2Fv2%2Fcomments&post=19594"}],"version-history":[{"count":2,"href":"https:\/\/zonaroja.com.mx\/index.php?rest_route=\/wp\/v2\/posts\/19594\/revisions"}],"predecessor-version":[{"id":19602,"href":"https:\/\/zonaroja.com.mx\/index.php?rest_route=\/wp\/v2\/posts\/19594\/revisions\/19602"}],"wp:featuredmedia":[{"embeddable":true,"href":"https:\/\/zonaroja.com.mx\/index.php?rest_route=\/wp\/v2\/media\/19595"}],"wp:attachment":[{"href":"https:\/\/zonaroja.com.mx\/index.php?rest_route=%2Fwp%2Fv2%2Fmedia&parent=19594"}],"wp:term":[{"taxonomy":"category","embeddable":true,"href":"https:\/\/zonaroja.com.mx\/index.php?rest_route=%2Fwp%2Fv2%2Fcategories&post=19594"},{"taxonomy":"post_tag","embeddable":true,"href":"https:\/\/zonaroja.com.mx\/index.php?rest_route=%2Fwp%2Fv2%2Ftags&post=19594"}],"curies":[{"name":"wp","href":"https:\/\/api.w.org\/{rel}","templated":true}]}}