{"id":19598,"date":"2020-11-03T16:42:59","date_gmt":"2020-11-03T22:42:59","guid":{"rendered":"http:\/\/www.zonaroja.com.mx\/?p=19598"},"modified":"2020-11-03T16:43:02","modified_gmt":"2020-11-03T22:43:02","slug":"ante-fracaso-institucional-sociedad-civil-emprende-busqueda-de-desaparecidas","status":"publish","type":"post","link":"https:\/\/zonaroja.com.mx\/?p=19598","title":{"rendered":"Ante fracaso institucional, sociedad civil emprende b\u00fasqueda de desaparecidas"},"content":{"rendered":"\n<p>Evlin Arag\u00f3n\/Zona Roja.<\/p>\n\n\n\n<p>Oaxaca de Ju\u00e1rez, Oax., 3 de noviembre de 2020.- \u00abGritamos sus nombres, la ciudad guarda silencio, la gente nos mira indiferente. Nadie nos responde. El gobierno est\u00e1 ocupado en cosas que dicen son m\u00e1s importantes. Preguntamos, buscamos, lloramos, enfurecemos. Nadie responde. \u00bfHay alguien ah\u00ed? \u00bfAlguien sabe algo de ellas? \u00bfHay alguien ah\u00ed? Un coraz\u00f3n, una mano una respuesta&#8230; \u00bfD\u00f3nde est\u00e1n las desaparecidas?\u00bb.<\/p>\n\n\n\n<p>Es el texto que han posteado en sus redes las integrantes de la Red de Mujeres para una vida libre de Violencia (Remuvi), que desde hace algunos d\u00edas se han dado a la tarea de salir a las calles a pegar las fichas de b\u00fasqueda de las decenas de mujeres desaparecidas en los \u00faltimos d\u00edas, ello ante la omisi\u00f3n de las autoridades, principalmente de la Fiscal\u00eda General del Estado, para habilitar operativos que permitan dar con su paradero.<\/p>\n\n\n\n<p>Sof\u00eda Guadalupe, Norma Margarita, Ana Milagros, Anayeli, Yasuri Itzel, Zayra y e Ingrid Patricia son los casos m\u00e1s recientes de mujeres que salieron de sus casas y no han regresado, de ah\u00ed que la Remuvi haya decidido salir a las calles a pedir el apoyo de la ciudadan\u00eda.<\/p>\n\n\n\n<p>Las j\u00f3venes integrantes del colectivo pegaron las fichas de b\u00fasqueda en las principales calles de la ciudad y colocaron lonas con sus im\u00e1genes en puentes de la capital, tal como lo hacen las familias de las j\u00f3venes que no se dan por vencidas y no lo har\u00e1n hasta dar con su paradero.<\/p>\n\n\n\n<p>La acci\u00f3n tambi\u00e9n es una forma de exigir la pronta atenci\u00f3n por parte de las autoridades de la Fiscal\u00eda General, que recientemente emitido un informe que a ninguna organizaci\u00f3n feminista le cuadra, ya no refleja el nivel de violencia de g\u00e9nero y feminicida, que se vive en la entidad.&nbsp;&nbsp;<\/p>\n\n\n\n<p>\u201cNosotras ya estamos en casa. \u00bfD\u00f3nde est\u00e1n nuestras hermanas? El d\u00eda de ayer salimos a las calles a buscar a nuestras hermanas, y seguiremos saliendo a las calles hasta que todas estemos a salvo. Exigimos a la Fiscal\u00eda General del Estado de Oaxaca su b\u00fasqueda y localizaci\u00f3n con vida\u201d, postearon en sus redes.&nbsp;<\/p>\n\n\n\n<p>D\u00edas antes, un grupo de mujeres se manifest\u00f3 en el z\u00f3calo de la ciudad para exigir la aparici\u00f3n con vida de Zayra Leticia Morales Loyola, quien fue vista por \u00faltima vez el viernes 23 de octubre en la agencia de Santa Mar\u00eda Xochitlapilco, perteneciente al municipio de Huajuapan de Le\u00f3n.&nbsp;<\/p>\n\n\n\n<p>Ah\u00ed reclamaron las dificultades para conseguir que se emita una ficha de b\u00fasqueda por parte de las autoridades, debido a la burocracia al interior de la Fiscal\u00eda y la insensibilidad del funcionariado p\u00fablico que ah\u00ed labora que, la mayor\u00eda de las veces, revictimiza a las mujeres, asumiendo que \u00abse fueron con el novio\u00bb.<\/p>\n\n\n\n<figure class=\"wp-block-image size-large\"><img decoding=\"async\" width=\"720\" height=\"960\" src=\"http:\/\/www.zonaroja.com.mx\/wp-content\/uploads\/2020\/11\/Busqueda-de-desaparecidas-Zayra.jpg\" alt=\"\" class=\"wp-image-19600\" srcset=\"https:\/\/zonaroja.com.mx\/wp-content\/uploads\/2020\/11\/Busqueda-de-desaparecidas-Zayra.jpg 720w, https:\/\/zonaroja.com.mx\/wp-content\/uploads\/2020\/11\/Busqueda-de-desaparecidas-Zayra-225x300.jpg 225w, https:\/\/zonaroja.com.mx\/wp-content\/uploads\/2020\/11\/Busqueda-de-desaparecidas-Zayra-585x780.jpg 585w\" sizes=\"(max-width: 720px) 100vw, 720px\" \/><\/figure>\n\n\n\n<p>As\u00ed mismo, colectivos feministas montaron un altar en la explanada de Santo Domingo para recordar a las mujeres que han sido v\u00edctimas de todo tipo de violencia de g\u00e9nero y feminicida en Oaxaca; as\u00ed como para demostrar su hartazgo ante la omisi\u00f3n por parte de las autoridades de los diferentes niveles de gobierno.&nbsp;<\/p>\n\n\n\n<p>\u201cEstamos hartas de la violencia institucional que representan, cansadas de su omisi\u00f3n, corrupci\u00f3n y falta de compromiso. Conocemos sus discursos vac\u00edos y sus acciones tibias en los cuales identificamos su desprecio por las mujeres que sufren las violencias machistas y mis\u00f3ginas que ustedes solapan y que ser\u00e1n nombradas porque no queremos #NiUnaMenos\u00bb, refirieron.<\/p>\n\n\n\n<p>En torno a las recientes desapariciones, pidieron a la Secretar\u00eda de Seguridad P\u00fablica de Oaxaca la implementaci\u00f3n del Protocolo Alba para emprender la b\u00fasqueda de manera r\u00e1pida y sin retrasos de las ni\u00f1as, adolescentes y mujeres, ante la inoperancia de las instituciones.<\/p>\n\n\n\n<p>Aseguraron que la desaparici\u00f3n de menores se ha convertido en una epidemia nacional y una clara muestra del tr\u00e1fico y trata de menores, por lo que solicitaron de forma urgente la activaci\u00f3n de la Alerta Amber para dar con su paradero.&nbsp;<\/p>\n\n\n\n<p>Por lo anterior, demandaron la atenci\u00f3n urgente de la problem\u00e1tica por parte del gobierno de Oaxaca, la Fiscal\u00eda General de Justicia, las secretarias de las Mujeres y de Pueblos Ind\u00edgenas y Afromexicanos, a quienes solicitaron acciones contundentes, dejar atr\u00e1s la simulaci\u00f3n y el malgasto de los recursos con capacitaciones absurdas que no sirven si no se atiende de fondo la violencia de g\u00e9nero y feminicida.&nbsp;<\/p>\n\n\n\n<p>Por otra parte, este mediod\u00eda se realiz\u00f3 una marcha en Huajuapan de Le\u00f3n, para exigir por en\u00e9sima ocasi\u00f3n la aparici\u00f3n con vida de Zayra Leticia, de cuyo paradero hasta ahora la Vicefiscal\u00eda Regional de la Mixteca no tiene m\u00e1s que pistas endebles, seg\u00fan se\u00f1alaron.<\/p>\n\n\n\n<p>Criticaron adem\u00e1s que se est\u00e9n se\u00f1alando supuestos amor\u00edos de la joven con pol\u00edticos o personas casadas, por lo exigieron a la Vicefiscal\u00eda indagar con agilidad y esclarecer los hechos.<\/p>\n","protected":false},"excerpt":{"rendered":"<p>Evlin Arag\u00f3n\/Zona Roja. Oaxaca de Ju\u00e1rez, Oax., 3 de noviembre de 2020.- \u00abGritamos sus nombres,&hellip;<\/p>\n","protected":false},"author":2,"featured_media":19599,"comment_status":"closed","ping_status":"open","sticky":false,"template":"","format":"standard","meta":{"_lmt_disableupdate":"","_lmt_disable":"","_jetpack_memberships_contains_paid_content":false,"footnotes":""},"categories":[109,47],"tags":[455],"class_list":["post-19598","post","type-post","status-publish","format-standard","has-post-thumbnail","hentry","category-minuto-a-minuto","category-zona-gris","tag-mujeres-desaparecidas-oaxaca"],"jetpack_featured_media_url":"https:\/\/zonaroja.com.mx\/wp-content\/uploads\/2020\/11\/Marcha-Zayra-Huajuapan.jpg","jetpack_sharing_enabled":true,"_links":{"self":[{"href":"https:\/\/zonaroja.com.mx\/index.php?rest_route=\/wp\/v2\/posts\/19598","targetHints":{"allow":["GET"]}}],"collection":[{"href":"https:\/\/zonaroja.com.mx\/index.php?rest_route=\/wp\/v2\/posts"}],"about":[{"href":"https:\/\/zonaroja.com.mx\/index.php?rest_route=\/wp\/v2\/types\/post"}],"author":[{"embeddable":true,"href":"https:\/\/zonaroja.com.mx\/index.php?rest_route=\/wp\/v2\/users\/2"}],"replies":[{"embeddable":true,"href":"https:\/\/zonaroja.com.mx\/index.php?rest_route=%2Fwp%2Fv2%2Fcomments&post=19598"}],"version-history":[{"count":1,"href":"https:\/\/zonaroja.com.mx\/index.php?rest_route=\/wp\/v2\/posts\/19598\/revisions"}],"predecessor-version":[{"id":19601,"href":"https:\/\/zonaroja.com.mx\/index.php?rest_route=\/wp\/v2\/posts\/19598\/revisions\/19601"}],"wp:featuredmedia":[{"embeddable":true,"href":"https:\/\/zonaroja.com.mx\/index.php?rest_route=\/wp\/v2\/media\/19599"}],"wp:attachment":[{"href":"https:\/\/zonaroja.com.mx\/index.php?rest_route=%2Fwp%2Fv2%2Fmedia&parent=19598"}],"wp:term":[{"taxonomy":"category","embeddable":true,"href":"https:\/\/zonaroja.com.mx\/index.php?rest_route=%2Fwp%2Fv2%2Fcategories&post=19598"},{"taxonomy":"post_tag","embeddable":true,"href":"https:\/\/zonaroja.com.mx\/index.php?rest_route=%2Fwp%2Fv2%2Ftags&post=19598"}],"curies":[{"name":"wp","href":"https:\/\/api.w.org\/{rel}","templated":true}]}}