{"id":19605,"date":"2020-11-03T19:01:54","date_gmt":"2020-11-04T01:01:54","guid":{"rendered":"http:\/\/www.zonaroja.com.mx\/?p=19605"},"modified":"2020-11-03T19:01:57","modified_gmt":"2020-11-04T01:01:57","slug":"hallan-calcinados-a-madre-e-hijo-en-ejutla-ejecutan-a-individuo-en-la-canada","status":"publish","type":"post","link":"https:\/\/zonaroja.com.mx\/?p=19605","title":{"rendered":"Hallan calcinados a madre e hijo en Ejutla; ejecutan a individuo en la Ca\u00f1ada"},"content":{"rendered":"\n<p>Redacci\u00f3n\/Zona Roja.<\/p>\n\n\n\n<p>Oaxaca de Ju\u00e1rez, Oax., 3 de noviembre de 2020.- Dos personas murieron calcinadas, en un presunto incendio de una vivienda ubicada en el municipio de Ejutla de Crespo, Oaxaca.<\/p>\n\n\n\n<p>De acuerdo con los primeros reportes, el hecho ocurri\u00f3 anoche en un domicilio del barrio Yegoseve, presuntamente por una fogata que no fue apagada a la hora de dormir.<\/p>\n\n\n\n<p>En el hogar perdieron la vida una mujer de aproximadamente 80 a\u00f1os de edad y su hijo, de unos 40 a\u00f1os, ambos a\u00fan no identificados legalmente.<\/p>\n\n\n\n<p>Por otra parte, en San Jos\u00e9 Tenango, municipio de la regi\u00f3n Ca\u00f1ada del estado, fue asesinada una persona por disparos de arma de fuego. Hasta el momento se desconoce el m\u00f3vil del crimen as\u00ed como la identidad de la v\u00edctima.<\/p>\n","protected":false},"excerpt":{"rendered":"<p>Redacci\u00f3n\/Zona Roja. Oaxaca de Ju\u00e1rez, Oax., 3 de noviembre de 2020.- Dos personas murieron calcinadas,&hellip;<\/p>\n","protected":false},"author":2,"featured_media":19606,"comment_status":"closed","ping_status":"open","sticky":false,"template":"","format":"standard","meta":{"_lmt_disableupdate":"","_lmt_disable":"","_jetpack_memberships_contains_paid_content":false,"footnotes":""},"categories":[109,51],"tags":[702],"class_list":["post-19605","post","type-post","status-publish","format-standard","has-post-thumbnail","hentry","category-minuto-a-minuto","category-zona-roja","tag-ejutla-de-crespo"],"jetpack_featured_media_url":"https:\/\/zonaroja.com.mx\/wp-content\/uploads\/2020\/11\/Calcinado-Ejutla.jpg","jetpack_sharing_enabled":true,"_links":{"self":[{"href":"https:\/\/zonaroja.com.mx\/index.php?rest_route=\/wp\/v2\/posts\/19605","targetHints":{"allow":["GET"]}}],"collection":[{"href":"https:\/\/zonaroja.com.mx\/index.php?rest_route=\/wp\/v2\/posts"}],"about":[{"href":"https:\/\/zonaroja.com.mx\/index.php?rest_route=\/wp\/v2\/types\/post"}],"author":[{"embeddable":true,"href":"https:\/\/zonaroja.com.mx\/index.php?rest_route=\/wp\/v2\/users\/2"}],"replies":[{"embeddable":true,"href":"https:\/\/zonaroja.com.mx\/index.php?rest_route=%2Fwp%2Fv2%2Fcomments&post=19605"}],"version-history":[{"count":1,"href":"https:\/\/zonaroja.com.mx\/index.php?rest_route=\/wp\/v2\/posts\/19605\/revisions"}],"predecessor-version":[{"id":19607,"href":"https:\/\/zonaroja.com.mx\/index.php?rest_route=\/wp\/v2\/posts\/19605\/revisions\/19607"}],"wp:featuredmedia":[{"embeddable":true,"href":"https:\/\/zonaroja.com.mx\/index.php?rest_route=\/wp\/v2\/media\/19606"}],"wp:attachment":[{"href":"https:\/\/zonaroja.com.mx\/index.php?rest_route=%2Fwp%2Fv2%2Fmedia&parent=19605"}],"wp:term":[{"taxonomy":"category","embeddable":true,"href":"https:\/\/zonaroja.com.mx\/index.php?rest_route=%2Fwp%2Fv2%2Fcategories&post=19605"},{"taxonomy":"post_tag","embeddable":true,"href":"https:\/\/zonaroja.com.mx\/index.php?rest_route=%2Fwp%2Fv2%2Ftags&post=19605"}],"curies":[{"name":"wp","href":"https:\/\/api.w.org\/{rel}","templated":true}]}}